{"id":2717,"date":"2024-06-04T15:36:12","date_gmt":"2024-06-04T18:36:12","guid":{"rendered":"https:\/\/sescpiaui.com.br\/escreversemfronteiras\/?p=2717"},"modified":"2024-06-04T15:36:12","modified_gmt":"2024-06-04T18:36:12","slug":"lembrancas-por-dina-paraguassu","status":"publish","type":"post","link":"http:\/\/sescpiaui.com.br\/escreversemfronteiras\/index.php\/2024\/06\/04\/lembrancas-por-dina-paraguassu\/","title":{"rendered":"LEMBRAN\u00c7AS, por Dina Paraguass\u00fa"},"content":{"rendered":"<p>Eu voltei pra rever sua fachada<br \/>\nConfesso, n\u00e3o esperava ver-te t\u00e3o abandonada<br \/>\nGrilh\u00f5es enferrujados fechavam a sua entrada<br \/>\nN\u00e3o precisei nem abri-los pra voltar ao passado<\/p>\n<p>Foi uma volta ao tempo, sentimentos exacerbados<br \/>\nQue estavam adormecidos, mas tudo estava gravado<br \/>\nNa minha mente, imagens que nem o tempo<br \/>\nMesmo no esquecimento, nada foi apagado<\/p>\n<p>Os jardins que te enfeitavam, perderam as cores<br \/>\nTrago na mem\u00f3ria o perfume e a beleza das flores<br \/>\nQue foram levadas pelo vento<br \/>\nDeixadas no esquecimento, todas morreram de amores<\/p>\n<p>Aquela est\u00e1tua branca, quase n\u00e3o consigo v\u00ea-la<br \/>\nEnvolvida em teias que as aranhas costumam tecer<br \/>\nComo uma forma de manto<br \/>\nFabulado para proteg\u00ea-la<\/p>\n<p>Tem um cantinho especial que n\u00e3o consegui esquecer<br \/>\nUma cadeira colonial, onde algu\u00e9m especial costumava<br \/>\nadormecer<br \/>\nCom os cabelos branquinhos<br \/>\nOlhos cheios de carinho pra me oferecer<\/p>\n<p>Mas tudo parece estar igual, naquele bosque encantado<br \/>\nOu\u00e7o no canto dos p\u00e1ssaros uma can\u00e7\u00e3o de ninar<br \/>\nOu\u00e7o tamb\u00e9m o meu pranto<br \/>\nAcalentado pelo canto dos que vieram me saudar.<\/p>\n","protected":false},"excerpt":{"rendered":"<p>Eu voltei pra rever sua fachada Confesso, n\u00e3o esperava ver-te t\u00e3o abandonada Grilh\u00f5es enferrujados fechavam a sua entrada N\u00e3o precisei nem abri-los pra voltar ao passado Foi uma volta ao tempo, sentimentos exacerbados Que estavam adormecidos, mas tudo estava gravado Na minha mente, imagens que nem o tempo Mesmo no esquecimento, nada foi apagado Os [&hellip;]<\/p>\n","protected":false},"author":77,"featured_media":0,"comment_status":"open","ping_status":"open","sticky":false,"template":"","format":"standard","meta":{"footnotes":""},"categories":[1],"tags":[],"class_list":["post-2717","post","type-post","status-publish","format-standard","hentry","category-poemas"],"_links":{"self":[{"href":"http:\/\/sescpiaui.com.br\/escreversemfronteiras\/index.php\/wp-json\/wp\/v2\/posts\/2717","targetHints":{"allow":["GET"]}}],"collection":[{"href":"http:\/\/sescpiaui.com.br\/escreversemfronteiras\/index.php\/wp-json\/wp\/v2\/posts"}],"about":[{"href":"http:\/\/sescpiaui.com.br\/escreversemfronteiras\/index.php\/wp-json\/wp\/v2\/types\/post"}],"author":[{"embeddable":true,"href":"http:\/\/sescpiaui.com.br\/escreversemfronteiras\/index.php\/wp-json\/wp\/v2\/users\/77"}],"replies":[{"embeddable":true,"href":"http:\/\/sescpiaui.com.br\/escreversemfronteiras\/index.php\/wp-json\/wp\/v2\/comments?post=2717"}],"version-history":[{"count":2,"href":"http:\/\/sescpiaui.com.br\/escreversemfronteiras\/index.php\/wp-json\/wp\/v2\/posts\/2717\/revisions"}],"predecessor-version":[{"id":2743,"href":"http:\/\/sescpiaui.com.br\/escreversemfronteiras\/index.php\/wp-json\/wp\/v2\/posts\/2717\/revisions\/2743"}],"wp:attachment":[{"href":"http:\/\/sescpiaui.com.br\/escreversemfronteiras\/index.php\/wp-json\/wp\/v2\/media?parent=2717"}],"wp:term":[{"taxonomy":"category","embeddable":true,"href":"http:\/\/sescpiaui.com.br\/escreversemfronteiras\/index.php\/wp-json\/wp\/v2\/categories?post=2717"},{"taxonomy":"post_tag","embeddable":true,"href":"http:\/\/sescpiaui.com.br\/escreversemfronteiras\/index.php\/wp-json\/wp\/v2\/tags?post=2717"}],"curies":[{"name":"wp","href":"https:\/\/api.w.org\/{rel}","templated":true}]}}