{"id":2712,"date":"2024-06-04T15:07:34","date_gmt":"2024-06-04T18:07:34","guid":{"rendered":"https:\/\/sescpiaui.com.br\/escreversemfronteiras\/?p=2712"},"modified":"2024-06-04T15:35:01","modified_gmt":"2024-06-04T18:35:01","slug":"saudades-da-infancia-por-dina-paraguassu","status":"publish","type":"post","link":"http:\/\/sescpiaui.com.br\/escreversemfronteiras\/index.php\/2024\/06\/04\/saudades-da-infancia-por-dina-paraguassu\/","title":{"rendered":"SAUDADES DA INF\u00c2NCIA, por Dina Paraguass\u00fa"},"content":{"rendered":"<p>Hoje, o meu peito est\u00e1 apertado<br \/>\nAcordei, o sol nem tinha raiado<br \/>\nA chuva caindo fininha no meu telhado<br \/>\nEmbriagava-me o cheiro de terra molhada<br \/>\nAbri a janela do quarto pra observar<br \/>\nO vento perfumado querendo entrar<br \/>\nTrazendo lembran\u00e7as, pra me ver chorar<br \/>\nOs pingos da chuva tentando molhar<br \/>\nMeus pensamentos pra adivinhar<br \/>\nReporto-me a minha inf\u00e2ncia<br \/>\nVem \u00e0 mem\u00f3ria as lembran\u00e7as<br \/>\nDo cheiro da chuva e da terra molhada<br \/>\nDe olhar as estrelas na madrugada<br \/>\nO sol j\u00e1 raiou e continuo na janela, debru\u00e7ada<br \/>\nA imaginar como seria<br \/>\nSe eu pudesse voltar um dia<br \/>\nPara viver essa magia<br \/>\nDe voltar a ser crian\u00e7a inocente e despreocupada<br \/>\nCorrer atr\u00e1s das borboletas<br \/>\nQue as po\u00e7as d\u2019\u00e1gua vinham enfeitar<br \/>\nComo p\u00e9talas de rosas que ao vento, bailavam no ar<br \/>\nTrazendo alegria e cores, pra chuva festejar.<br \/>\nSaudades da Inf\u00e2ncia<br \/>\nEssa saudade da inf\u00e2ncia<br \/>\n\u00c0s vezes fica adormecida<br \/>\nMas sempre voltam \u00e0s lembran\u00e7as<br \/>\nQuero voltar a ser crian\u00e7a<br \/>\nQuero voltar a minha inf\u00e2ncia querida<\/p>\n","protected":false},"excerpt":{"rendered":"<p>Hoje, o meu peito est\u00e1 apertado Acordei, o sol nem tinha raiado A chuva caindo fininha no meu telhado Embriagava-me o cheiro de terra molhada Abri a janela do quarto pra observar O vento perfumado querendo entrar Trazendo lembran\u00e7as, pra me ver chorar Os pingos da chuva tentando molhar Meus pensamentos pra adivinhar Reporto-me a [&hellip;]<\/p>\n","protected":false},"author":77,"featured_media":0,"comment_status":"open","ping_status":"open","sticky":false,"template":"","format":"standard","meta":{"footnotes":""},"categories":[1],"tags":[],"class_list":["post-2712","post","type-post","status-publish","format-standard","hentry","category-poemas"],"_links":{"self":[{"href":"http:\/\/sescpiaui.com.br\/escreversemfronteiras\/index.php\/wp-json\/wp\/v2\/posts\/2712","targetHints":{"allow":["GET"]}}],"collection":[{"href":"http:\/\/sescpiaui.com.br\/escreversemfronteiras\/index.php\/wp-json\/wp\/v2\/posts"}],"about":[{"href":"http:\/\/sescpiaui.com.br\/escreversemfronteiras\/index.php\/wp-json\/wp\/v2\/types\/post"}],"author":[{"embeddable":true,"href":"http:\/\/sescpiaui.com.br\/escreversemfronteiras\/index.php\/wp-json\/wp\/v2\/users\/77"}],"replies":[{"embeddable":true,"href":"http:\/\/sescpiaui.com.br\/escreversemfronteiras\/index.php\/wp-json\/wp\/v2\/comments?post=2712"}],"version-history":[{"count":2,"href":"http:\/\/sescpiaui.com.br\/escreversemfronteiras\/index.php\/wp-json\/wp\/v2\/posts\/2712\/revisions"}],"predecessor-version":[{"id":2746,"href":"http:\/\/sescpiaui.com.br\/escreversemfronteiras\/index.php\/wp-json\/wp\/v2\/posts\/2712\/revisions\/2746"}],"wp:attachment":[{"href":"http:\/\/sescpiaui.com.br\/escreversemfronteiras\/index.php\/wp-json\/wp\/v2\/media?parent=2712"}],"wp:term":[{"taxonomy":"category","embeddable":true,"href":"http:\/\/sescpiaui.com.br\/escreversemfronteiras\/index.php\/wp-json\/wp\/v2\/categories?post=2712"},{"taxonomy":"post_tag","embeddable":true,"href":"http:\/\/sescpiaui.com.br\/escreversemfronteiras\/index.php\/wp-json\/wp\/v2\/tags?post=2712"}],"curies":[{"name":"wp","href":"https:\/\/api.w.org\/{rel}","templated":true}]}}