{"id":2584,"date":"2024-04-16T13:47:19","date_gmt":"2024-04-16T16:47:19","guid":{"rendered":"https:\/\/sescpiaui.com.br\/escreversemfronteiras\/?p=2584"},"modified":"2024-06-04T15:39:53","modified_gmt":"2024-06-04T18:39:53","slug":"recado-de-um-cordel-por-zilmar-junior","status":"publish","type":"post","link":"http:\/\/sescpiaui.com.br\/escreversemfronteiras\/index.php\/2024\/04\/16\/recado-de-um-cordel-por-zilmar-junior\/","title":{"rendered":"Recado de um Cordel, por Zilmar Junior"},"content":{"rendered":"<p><span style=\"font-weight: 400;\">Eu vou contar uma hist\u00f3ria<\/span><\/p>\n<p><span style=\"font-weight: 400;\">Uma hist\u00f3ria nada bonita<\/span><\/p>\n<p><span style=\"font-weight: 400;\">Que se passou num pa\u00eds<\/span><\/p>\n<p><span style=\"font-weight: 400;\">Pa\u00eds de gente bonita<\/span><\/p>\n<p><span style=\"font-weight: 400;\">Leitor me d\u00ea aten\u00e7\u00e3o<\/span><\/p>\n<p><span style=\"font-weight: 400;\">Pois essa prosa \u00e9 antiga.<\/span><\/p>\n<p>&nbsp;<\/p>\n<p><span style=\"font-weight: 400;\">H\u00e1 muito tempo diziam<\/span><\/p>\n<p><span style=\"font-weight: 400;\">Que aqui se n\u00e3o tinha nada<\/span><\/p>\n<p><span style=\"font-weight: 400;\">Muito falavam, n\u00e3o faziam<\/span><\/p>\n<p><span style=\"font-weight: 400;\">E n\u00f3is comendo migalha<\/span><\/p>\n<p><span style=\"font-weight: 400;\">Cad\u00ea o dinheiro do povo?<\/span><\/p>\n<p><span style=\"font-weight: 400;\">Se mostram? N\u00e3o vejo nada.<\/span><\/p>\n<p>&nbsp;<\/p>\n<p><span style=\"font-weight: 400;\">Aqui sempre foi assim<\/span><\/p>\n<p><span style=\"font-weight: 400;\">N\u00e3o sei se sempre ser\u00e1&#8230;<\/span><\/p>\n<p><span style=\"font-weight: 400;\">Dizem que mato \u00e9 capim<\/span><\/p>\n<p><span style=\"font-weight: 400;\">Quem sou eu pra duvidar?<\/span><\/p>\n<p><span style=\"font-weight: 400;\">Enquanto uns d\u00e3o as cartas<\/span><\/p>\n<p><span style=\"font-weight: 400;\">A nois s\u00f3 resta jogar.<\/span><\/p>\n<p>&nbsp;<\/p>\n<p><span style=\"font-weight: 400;\">Mas essa hist\u00f3ria, meu povo<\/span><\/p>\n<p><span style=\"font-weight: 400;\">Parece sem p\u00e9 nem cabe\u00e7a<\/span><\/p>\n<p><span style=\"font-weight: 400;\">N\u00e3o tem ouvido, nem olho<\/span><\/p>\n<p><span style=\"font-weight: 400;\">E que dir\u00e1 uma coer\u00eancia<\/span><\/p>\n<p><span style=\"font-weight: 400;\">Agora eu digo uma coisa:<\/span><\/p>\n<p><span style=\"font-weight: 400;\">Viver assim \u00e9 sofr\u00eancia.<\/span><\/p>\n<p>&nbsp;<\/p>\n<p><span style=\"font-weight: 400;\">Perguntam: que pa\u00eds \u00e9 esse?<\/span><\/p>\n<p><span style=\"font-weight: 400;\">Onde que eu vim para?<\/span><\/p>\n<p><span style=\"font-weight: 400;\">Eu escolhi essa vida?<\/span><\/p>\n<p><span style=\"font-weight: 400;\">Escolhi esse lugar?<\/span><\/p>\n<p><span style=\"font-weight: 400;\">E se escolheram por mim?<\/span><\/p>\n<p><span style=\"font-weight: 400;\">Como que vou questionar?<\/span><\/p>\n<p>&nbsp;<\/p>\n<p><span style=\"font-weight: 400;\">O povo j\u00e1 ta cansado<\/span><\/p>\n<p><span style=\"font-weight: 400;\">De ouvir e s\u00f3 se calar<\/span><\/p>\n<p><span style=\"font-weight: 400;\">Vamos nos d\u00e1 outro rumo<\/span><\/p>\n<p><span style=\"font-weight: 400;\">Na hora que fomos votar<\/span><\/p>\n<p><span style=\"font-weight: 400;\">Bote seu voto na urna<\/span><\/p>\n<p><span style=\"font-weight: 400;\">E a cabe\u00e7a no lugar.<\/span><\/p>\n<p>&nbsp;<\/p>\n<p><span style=\"font-weight: 400;\">Aqui eu leio cordel<\/span><\/p>\n<p><span style=\"font-weight: 400;\">Amanh\u00e3 eu leio promessa<\/span><\/p>\n<p><span style=\"font-weight: 400;\">Vai tudo j\u00e1 pelo o ralo<\/span><\/p>\n<p><span style=\"font-weight: 400;\">S\u00f3 volta se for com reza<\/span><\/p>\n<p><span style=\"font-weight: 400;\">\u00c9 bl\u00e1 bl\u00e1 bl\u00e1 para um lado<\/span><\/p>\n<p><span style=\"font-weight: 400;\">Um ti ti ti da mis\u00e9ria.<\/span><\/p>\n<p>&nbsp;<\/p>\n<p><span style=\"font-weight: 400;\">Educa\u00e7\u00e3o eu n\u00e3o vi<\/span><\/p>\n<p><span style=\"font-weight: 400;\">Sa\u00fade o gato comeu<\/span><\/p>\n<p><span style=\"font-weight: 400;\">Cultura n\u00e3o conheci<\/span><\/p>\n<p><span style=\"font-weight: 400;\">Lazer de mim esqueceu<\/span><\/p>\n<p><span style=\"font-weight: 400;\">E v\u00e3o passando os anos<\/span><\/p>\n<p><span style=\"font-weight: 400;\">E eu aqui s\u00f3 com eu.<\/span><\/p>\n<p>&nbsp;<\/p>\n<p><span style=\"font-weight: 400;\">J\u00e1 esqueceram de mim<\/span><\/p>\n<p><span style=\"font-weight: 400;\">Uma, tr\u00eas, dez, vinte vezes<\/span><\/p>\n<p><span style=\"font-weight: 400;\">Mas sempre voltam aqui<\/span><\/p>\n<p><span style=\"font-weight: 400;\">Com o sorriso nos dentes<\/span><\/p>\n<p><span style=\"font-weight: 400;\">Nas elei\u00e7\u00f5es somos amigos<\/span><\/p>\n<p><span style=\"font-weight: 400;\">Cimento, dinheiro e sementes.<\/span><\/p>\n<p>&nbsp;<\/p>\n<p><span style=\"font-weight: 400;\">Agora eu digo uma coisa<\/span><\/p>\n<p><span style=\"font-weight: 400;\">Sempre \u00e9 hora de mudar<\/span><\/p>\n<p><span style=\"font-weight: 400;\">Se nois apertar o n\u00f3<\/span><\/p>\n<p><span style=\"font-weight: 400;\">Ele n\u00e3o vai desatar<\/span><\/p>\n<p><span style=\"font-weight: 400;\">\u00c9 um caminho bem longo<\/span><\/p>\n<p><span style=\"font-weight: 400;\">Mas f\u00e1cil de nele andar<\/span><\/p>\n<p>&nbsp;<\/p>\n<p><span style=\"font-weight: 400;\">Eu escolhi escolher<\/span><\/p>\n<p><span style=\"font-weight: 400;\">A escolha que \u00e9 a mais certa<\/span><\/p>\n<p><span style=\"font-weight: 400;\">Escolhi mais n\u00e3o sofrer<\/span><\/p>\n<p><span style=\"font-weight: 400;\">Escolhi sair da mis\u00e9ria<\/span><\/p>\n<p><span style=\"font-weight: 400;\">Agora eu quero ver<\/span><\/p>\n<p><span style=\"font-weight: 400;\">Aqui ser\u00e1 minha terra.<\/span><\/p>\n<p>&nbsp;<\/p>\n<p><span style=\"font-weight: 400;\">N\u00e3o basta fazer muita coisa<\/span><\/p>\n<p><span style=\"font-weight: 400;\">S\u00f3 nosso papel bem fazer<\/span><\/p>\n<p><span style=\"font-weight: 400;\">Ficar atento as escolhas<\/span><\/p>\n<p><span style=\"font-weight: 400;\">Na hora de escolher<\/span><\/p>\n<p><span style=\"font-weight: 400;\">Outubro j\u00e1 t\u00e1 chegando<\/span><\/p>\n<p><span style=\"font-weight: 400;\">A hora do vamos ver.<\/span><\/p>\n<p>&nbsp;<\/p>\n<p><span style=\"font-weight: 400;\">Canse voc\u00ea das promessas<\/span><\/p>\n<p><span style=\"font-weight: 400;\">Das coisas ditas por ditas<\/span><\/p>\n<p><span style=\"font-weight: 400;\">Canse voc\u00ea desse ternos<\/span><\/p>\n<p><span style=\"font-weight: 400;\">S\u00f3 n\u00e3o canse da politica<\/span><\/p>\n<p><span style=\"font-weight: 400;\">N\u00e3o canse de sua luta<\/span><\/p>\n<p><span style=\"font-weight: 400;\">De p\u00e9 e cabe\u00e7a erguida.<\/span><\/p>\n<p>&nbsp;<\/p>\n<p><span style=\"font-weight: 400;\">E \u00e9 promessa de um lado<\/span><\/p>\n<p><span style=\"font-weight: 400;\">Promessas vai para o outro<\/span><\/p>\n<p><span style=\"font-weight: 400;\">J\u00e1 prometeram de tudo<\/span><\/p>\n<p><span style=\"font-weight: 400;\">Porto, escolas e esgotos<\/span><\/p>\n<p><span style=\"font-weight: 400;\">Dessas promessa eu vi<\/span><\/p>\n<p><span style=\"font-weight: 400;\">Apenas uns tr\u00eas tijolos.<\/span><\/p>\n<p>&nbsp;<\/p>\n<p><span style=\"font-weight: 400;\">Muitos n\u00e3o t\u00e3o nem a\u00ed<\/span><\/p>\n<p><span style=\"font-weight: 400;\">Palpites nem querem d\u00e1<\/span><\/p>\n<p><span style=\"font-weight: 400;\">Falam que \u00e9 assim mesmo<\/span><\/p>\n<p><span style=\"font-weight: 400;\">Um dia vai melhorar<\/span><\/p>\n<p><span style=\"font-weight: 400;\">Mas f\u00e9 sem a\u00e7\u00e3o \u00e9 morta<\/span><\/p>\n<p><span style=\"font-weight: 400;\">Defunto n\u00e3o pode falar.<\/span><\/p>\n<p>&nbsp;<\/p>\n<p><span style=\"font-weight: 400;\">Se enquanto uns t\u00e3o calados<\/span><\/p>\n<p><span style=\"font-weight: 400;\">Outros poucos falam por eles<\/span><\/p>\n<p><span style=\"font-weight: 400;\">Decidem o seu futuro<\/span><\/p>\n<p><span style=\"font-weight: 400;\">Se dormem em cama ou rede<\/span><\/p>\n<p><span style=\"font-weight: 400;\">E de tamanho \u00e9 o sono<\/span><\/p>\n<p><span style=\"font-weight: 400;\">N\u00e3o sonham. O sonho: acorda, \u00f3 gente.<\/span><\/p>\n<p>&nbsp;<\/p>\n<p><span style=\"font-weight: 400;\">\u00d3 meu amigo, conselhos<\/span><\/p>\n<p><span style=\"font-weight: 400;\">Esse eu posso d\u00e1<\/span><\/p>\n<p><span style=\"font-weight: 400;\">N\u00e3o posso ele vender<\/span><\/p>\n<p><span style=\"font-weight: 400;\">Nem muito menos alugar<\/span><\/p>\n<p><span style=\"font-weight: 400;\">Isso \u00e9 cordel ou pol\u00edtica<\/span><\/p>\n<p><span style=\"font-weight: 400;\">Voc\u00ea que vai me falar<\/span><\/p>\n<p><span style=\"font-weight: 400;\">\u00a0<\/span><\/p>\n<p><span style=\"font-weight: 400;\">Pra n\u00e3o ficar muito extensa<\/span><\/p>\n<p><span style=\"font-weight: 400;\">A prosa vou terminar<\/span><\/p>\n<p><span style=\"font-weight: 400;\">Foi bom conversar contigo<\/span><\/p>\n<p><span style=\"font-weight: 400;\">Espero a ti ajudar<\/span><\/p>\n<p><span style=\"font-weight: 400;\">N\u00e3o se engane com pouco<\/span><\/p>\n<p><span style=\"font-weight: 400;\">Com pouco tu ficar\u00e1s<\/span><\/p>\n<p>&nbsp;<\/p>\n<p><span style=\"font-weight: 400;\">Aqui eu mudo de ideia<\/span><\/p>\n<p><span style=\"font-weight: 400;\">E falo mais um pouquinho<\/span><\/p>\n<p><span style=\"font-weight: 400;\">Pois as palavras s\u00e3o soltas<\/span><\/p>\n<p><span style=\"font-weight: 400;\">Quem nem muitos passarinhos<\/span><\/p>\n<p><span style=\"font-weight: 400;\">Mais tempo eu vou ficar<\/span><\/p>\n<p><span style=\"font-weight: 400;\">Cordel t\u00e1 sendo meu ninho.<\/span><\/p>\n<p>&nbsp;<\/p>\n<p><span style=\"font-weight: 400;\">Agora eu vou parar<\/span><\/p>\n<p><span style=\"font-weight: 400;\">Mas ainda t\u00f4 preocupado<\/span><\/p>\n<p><span style=\"font-weight: 400;\">Se o amigo entendeu<\/span><\/p>\n<p><span style=\"font-weight: 400;\">Todo esse palavriado<\/span><\/p>\n<p><span style=\"font-weight: 400;\">N\u00e3o sei se tenho certeza<\/span><\/p>\n<p><span style=\"font-weight: 400;\">Mas acho que dei o recado.<\/span><\/p>\n<p><span style=\"font-weight: 400;\">Zilmar Junior<\/span><\/p>\n","protected":false},"excerpt":{"rendered":"<p>Eu vou contar uma hist\u00f3ria Uma hist\u00f3ria nada bonita Que se passou num pa\u00eds Pa\u00eds de gente bonita Leitor me d\u00ea aten\u00e7\u00e3o Pois essa prosa \u00e9 antiga. &nbsp; H\u00e1 muito tempo diziam Que aqui se n\u00e3o tinha nada Muito falavam, n\u00e3o faziam E n\u00f3is comendo migalha Cad\u00ea o dinheiro do povo? Se mostram? N\u00e3o vejo [&hellip;]<\/p>\n","protected":false},"author":56,"featured_media":2586,"comment_status":"open","ping_status":"open","sticky":false,"template":"","format":"standard","meta":{"footnotes":""},"categories":[57],"tags":[],"class_list":["post-2584","post","type-post","status-publish","format-standard","has-post-thumbnail","hentry","category-repositorio"],"_links":{"self":[{"href":"http:\/\/sescpiaui.com.br\/escreversemfronteiras\/index.php\/wp-json\/wp\/v2\/posts\/2584","targetHints":{"allow":["GET"]}}],"collection":[{"href":"http:\/\/sescpiaui.com.br\/escreversemfronteiras\/index.php\/wp-json\/wp\/v2\/posts"}],"about":[{"href":"http:\/\/sescpiaui.com.br\/escreversemfronteiras\/index.php\/wp-json\/wp\/v2\/types\/post"}],"author":[{"embeddable":true,"href":"http:\/\/sescpiaui.com.br\/escreversemfronteiras\/index.php\/wp-json\/wp\/v2\/users\/56"}],"replies":[{"embeddable":true,"href":"http:\/\/sescpiaui.com.br\/escreversemfronteiras\/index.php\/wp-json\/wp\/v2\/comments?post=2584"}],"version-history":[{"count":1,"href":"http:\/\/sescpiaui.com.br\/escreversemfronteiras\/index.php\/wp-json\/wp\/v2\/posts\/2584\/revisions"}],"predecessor-version":[{"id":2588,"href":"http:\/\/sescpiaui.com.br\/escreversemfronteiras\/index.php\/wp-json\/wp\/v2\/posts\/2584\/revisions\/2588"}],"wp:featuredmedia":[{"embeddable":true,"href":"http:\/\/sescpiaui.com.br\/escreversemfronteiras\/index.php\/wp-json\/wp\/v2\/media\/2586"}],"wp:attachment":[{"href":"http:\/\/sescpiaui.com.br\/escreversemfronteiras\/index.php\/wp-json\/wp\/v2\/media?parent=2584"}],"wp:term":[{"taxonomy":"category","embeddable":true,"href":"http:\/\/sescpiaui.com.br\/escreversemfronteiras\/index.php\/wp-json\/wp\/v2\/categories?post=2584"},{"taxonomy":"post_tag","embeddable":true,"href":"http:\/\/sescpiaui.com.br\/escreversemfronteiras\/index.php\/wp-json\/wp\/v2\/tags?post=2584"}],"curies":[{"name":"wp","href":"https:\/\/api.w.org\/{rel}","templated":true}]}}