{"id":2560,"date":"2024-06-04T15:31:43","date_gmt":"2024-06-04T18:31:43","guid":{"rendered":"http:\/\/sescpiaui.com.br\/escreversemfronteiras\/?p=2560"},"modified":"2024-06-04T15:31:43","modified_gmt":"2024-06-04T18:31:43","slug":"o-beija-flor-e-a-rosa-por-rosilandia-maia","status":"publish","type":"post","link":"http:\/\/sescpiaui.com.br\/escreversemfronteiras\/index.php\/2024\/06\/04\/o-beija-flor-e-a-rosa-por-rosilandia-maia\/","title":{"rendered":"O beija-flor e a Rosa, por Rosil\u00e2ndia Maia"},"content":{"rendered":"<p>DA S\u00c9RIE PARA GOSTAR DE PASSARINHOS<\/p>\n<p>I \u2013 O beija-flor e a Rosa<\/p>\n<p>Um certo dia o beija-flor<br \/>\nCansado de tanto amar<br \/>\nBateu asas e voou<br \/>\nViajou para al\u00e9m-mar<\/p>\n<p>A flor j\u00e1 acostumada<br \/>\nAo atraente arruaceiro<br \/>\nToda triste e amuada<br \/>\nReclamou ao jardineiro!<\/p>\n<p>Com o olhar baixo, rasteiro<br \/>\nEle exclamou de supet\u00e3o<br \/>\n&#8211; Como trazer o beijoqueiro?!<br \/>\n&#8211; N\u00e3o cai \u00e1gua nesse ch\u00e3o!<\/p>\n<p>A flor desmilinguida<br \/>\nP\u00e1lida olhou pro c\u00e9u<br \/>\nCom a maior sede da vida:<br \/>\n&#8211; N\u00e3o h\u00e1 chuva! N\u00e3o h\u00e1 mel!<\/p>\n<p>&#8211; Como atrair o beija flor?<br \/>\nSem meu n\u00e9ctar pra extrair?!<br \/>\nEstou p\u00e1lida, sem olor!<br \/>\nEstou s\u00f3, vou sucumbir!<\/p>\n<p>A nuvem t\u00e3o pregui\u00e7osa<br \/>\nPassava bem por ali<br \/>\nTeve pena daquela rosa<br \/>\nChamou logo o bem-te-vi<\/p>\n<p>&#8211; E que tal um mutir\u00e3o?!<br \/>\nCom bico pontiagudo<br \/>\nAceito at\u00e9 muxic\u00e3o<br \/>\nPr\u2018\u00e1gua jorrar em tudo<\/p>\n<p>Atra\u00edram a fauna alada<br \/>\nEspremeram-lhe a barriga<br \/>\nA nuvem foi destilada<br \/>\nE a miss\u00e3o estava cumprida<\/p>\n<p>O jardim todo brotou!<br \/>\nAs cores fizeram festa<br \/>\nDe p\u00f3len a florzinha pintou<br \/>\nE coloriu toda a floresta.<\/p>\n<p>Rosil\u00e2ndia Melo de Alencar Maia<\/p>\n","protected":false},"excerpt":{"rendered":"<p>DA S\u00c9RIE PARA GOSTAR DE PASSARINHOS I \u2013 O beija-flor e a Rosa Um certo dia o beija-flor Cansado de tanto amar Bateu asas e voou Viajou para al\u00e9m-mar A flor j\u00e1 acostumada Ao atraente arruaceiro Toda triste e amuada Reclamou ao jardineiro! Com o olhar baixo, rasteiro Ele exclamou de supet\u00e3o &#8211; Como trazer [&hellip;]<\/p>\n","protected":false},"author":72,"featured_media":0,"comment_status":"open","ping_status":"open","sticky":false,"template":"","format":"standard","meta":{"footnotes":""},"categories":[1],"tags":[82],"class_list":["post-2560","post","type-post","status-publish","format-standard","hentry","category-poemas","tag-beija-flor-infantil-poema-avifauna-rosa"],"_links":{"self":[{"href":"http:\/\/sescpiaui.com.br\/escreversemfronteiras\/index.php\/wp-json\/wp\/v2\/posts\/2560","targetHints":{"allow":["GET"]}}],"collection":[{"href":"http:\/\/sescpiaui.com.br\/escreversemfronteiras\/index.php\/wp-json\/wp\/v2\/posts"}],"about":[{"href":"http:\/\/sescpiaui.com.br\/escreversemfronteiras\/index.php\/wp-json\/wp\/v2\/types\/post"}],"author":[{"embeddable":true,"href":"http:\/\/sescpiaui.com.br\/escreversemfronteiras\/index.php\/wp-json\/wp\/v2\/users\/72"}],"replies":[{"embeddable":true,"href":"http:\/\/sescpiaui.com.br\/escreversemfronteiras\/index.php\/wp-json\/wp\/v2\/comments?post=2560"}],"version-history":[{"count":4,"href":"http:\/\/sescpiaui.com.br\/escreversemfronteiras\/index.php\/wp-json\/wp\/v2\/posts\/2560\/revisions"}],"predecessor-version":[{"id":2750,"href":"http:\/\/sescpiaui.com.br\/escreversemfronteiras\/index.php\/wp-json\/wp\/v2\/posts\/2560\/revisions\/2750"}],"wp:attachment":[{"href":"http:\/\/sescpiaui.com.br\/escreversemfronteiras\/index.php\/wp-json\/wp\/v2\/media?parent=2560"}],"wp:term":[{"taxonomy":"category","embeddable":true,"href":"http:\/\/sescpiaui.com.br\/escreversemfronteiras\/index.php\/wp-json\/wp\/v2\/categories?post=2560"},{"taxonomy":"post_tag","embeddable":true,"href":"http:\/\/sescpiaui.com.br\/escreversemfronteiras\/index.php\/wp-json\/wp\/v2\/tags?post=2560"}],"curies":[{"name":"wp","href":"https:\/\/api.w.org\/{rel}","templated":true}]}}