{"id":2526,"date":"2024-03-06T06:31:39","date_gmt":"2024-03-06T09:31:39","guid":{"rendered":"https:\/\/sescpiaui.com.br\/escreversemfronteiras\/?p=2526"},"modified":"2024-06-04T16:19:50","modified_gmt":"2024-06-04T19:19:50","slug":"o-piaui-no-arte-da-palavra","status":"publish","type":"post","link":"http:\/\/sescpiaui.com.br\/escreversemfronteiras\/index.php\/2024\/03\/06\/o-piaui-no-arte-da-palavra\/","title":{"rendered":"O PIAU\u00cd NO ARTE DA PALAVRA"},"content":{"rendered":"<div id=\"contentsContainer\" class=\"style-scope qowt-page\">\n<div id=\"contents\" class=\"style-scope qowt-page\">\n<p id=\"E65\" class=\"x-scope qowt-word-para-1\"><span id=\"E66\" class=\"qowt-font2-TimesNewRoman\">Durante o ano de 2023<\/span><span id=\"E67\" class=\"qowt-font2-TimesNewRoman\">,<\/span><span id=\"E68\" class=\"qowt-font2-TimesNewRoman\"> aconteceu o circuito Arte da palavra Rede <\/span><span id=\"E70\" class=\"qowt-font2-TimesNewRoman\">Sesc<\/span><span id=\"E72\" class=\"qowt-font2-TimesNewRoman\"> de Leituras; trata-se de<\/span><span id=\"E73\" class=\"qowt-font2-TimesNewRoman\"> um projeto de circula\u00e7\u00e3o liter\u00e1ria que percorre todas as regi\u00f5es do pa\u00eds com o objetivo de estimular a forma\u00e7\u00e3o de leitores e\u00a0promover o interc\u00e2mbio e a divulga\u00e7\u00e3o de novos autores<\/span><span id=\"E74\" class=\"qowt-font2-TimesNewRoman\"> e<\/span><span id=\"E75\" class=\"qowt-font2-TimesNewRoman\"> <\/span><span id=\"E76\" class=\"qowt-font2-TimesNewRoman\">o<\/span><span id=\"E77\" class=\"qowt-font2-TimesNewRoman\">ferece a\u00e7\u00f5es que valorizam obras e escritores brasileiros e as novas formas de produ\u00e7\u00e3o. <\/span><\/p>\n<p id=\"E78\" class=\"x-scope qowt-word-para-1\"><span id=\"E79\" class=\"qowt-font2-TimesNewRoman\">Ele \u00e9<\/span><span id=\"E80\" class=\"qowt-font2-TimesNewRoman\"> composto por tr\u00eas frentes: o Circuito dos Autores, que promove encontros e bate-papos entre escritores de localidades distintas, propiciando uma troca de experi\u00eancias entre os profissionais e o p\u00fablico; o Circuito de Oralidades, com manifesta\u00e7\u00f5es liter\u00e1rias que remetem, especialmente, a narra\u00e7\u00e3o de hist\u00f3rias e veicula\u00e7\u00e3o oral de poesia; <\/span><span id=\"E81\" class=\"qowt-font2-TimesNewRoman\">e <\/span><span id=\"E82\" class=\"qowt-font2-TimesNewRoman\">o<\/span><span id=\"E83\" class=\"qowt-font2-TimesNewRoman\">\u00a0Circuito de Cria\u00e7\u00e3o Liter\u00e1ria, uma a\u00e7\u00e3o formativa, que por meio de oficinas possibilita a reflex\u00e3o e cria\u00e7\u00e3o nas diferentes formas e pr\u00e1ticas de escrita.<\/span><\/p>\n<p id=\"E84\" class=\"x-scope qowt-word-para-2\"><span id=\"E85\" class=\"qowt-font2-TimesNewRoman\">Nes<\/span><span id=\"E86\" class=\"qowt-font2-TimesNewRoman\">t<\/span><span id=\"E87\" class=\"qowt-font2-TimesNewRoman\">a edi\u00e7\u00e3o do Arte da Palavra<\/span><span id=\"E88\" class=\"qowt-font2-TimesNewRoman\">,<\/span><span id=\"E89\" class=\"qowt-font2-TimesNewRoman\"> circularam pelo Brasil Marciano Gualberto de Parna\u00edba<\/span><span id=\"E90\" class=\"qowt-font2-TimesNewRoman\"> <\/span><span id=\"E91\" class=\"qowt-font2-TimesNewRoman\">&#8211;<\/span><span id=\"E92\" class=\"qowt-font2-TimesNewRoman\"> <\/span><span id=\"E93\" class=\"qowt-font2-TimesNewRoman\">PI: <\/span><span id=\"E94\" class=\"qowt-font2-TimesNewRoman\">h<\/span><span id=\"E95\" class=\"qowt-font2-TimesNewRoman\">istoriador, escritor, artista visual e acad\u00eamico da Academia Mundial de Letras da Humanidade e da Confraria de Hist\u00f3ria e Mem<\/span><span id=\"E96\" class=\"qowt-font2-TimesNewRoman\">\u00f3<\/span><span id=\"E97\" class=\"qowt-font2-TimesNewRoman\">ria de S\u00e3o Crist\u00f3v\u00e3o<\/span><span id=\"E98\" class=\"qowt-font2-TimesNewRoman\"> <\/span><span id=\"E99\" class=\"qowt-font2-TimesNewRoman\">&#8211;<\/span><span id=\"E100\" class=\"qowt-font2-TimesNewRoman\"> <\/span><span id=\"E101\" class=\"qowt-font2-TimesNewRoman\">SE. O <\/span><span id=\"E102\" class=\"qowt-font2-TimesNewRoman\">e<\/span><span id=\"E103\" class=\"qowt-font2-TimesNewRoman\">scritor em seus 16 anos de literatura com escrita de base filos\u00f3fica africanista foi publicado duas vezes em Portugal<\/span><span id=\"E104\" class=\"qowt-font2-TimesNewRoman\">,<\/span><span id=\"E105\" class=\"qowt-font2-TimesNewRoman\"> <\/span><span id=\"E106\" class=\"qowt-font2-TimesNewRoman\">sendo<\/span><span id=\"E107\" class=\"qowt-font2-TimesNewRoman\"> uma no 5\u00b0 Festival Internacional de Lisboa<\/span><span id=\"E108\" class=\"qowt-font2-TimesNewRoman\">,<\/span><span id=\"E109\" class=\"qowt-font2-TimesNewRoman\"> em 2021<\/span><span id=\"E110\" class=\"qowt-font2-TimesNewRoman\">,<\/span><span id=\"E111\" class=\"qowt-font2-TimesNewRoman\"> pela Uni\u00e3o das Capitais de L\u00edngua Portuguesa,<\/span><span id=\"E112\" class=\"qowt-font2-TimesNewRoman\"> e<\/span><span id=\"E113\" class=\"qowt-font2-TimesNewRoman\"> em 2022<\/span><span id=\"E114\" class=\"qowt-font2-TimesNewRoman\">,<\/span><span id=\"E115\" class=\"qowt-font2-TimesNewRoman\"> <\/span><span id=\"E116\" class=\"qowt-font2-TimesNewRoman\">em todos os Pa\u00edses d<\/span><span id=\"E117\" class=\"qowt-font2-TimesNewRoman\">o Continente Africano<\/span><span id=\"E118\" class=\"qowt-font2-TimesNewRoman\">,<\/span><span id=\"E119\" class=\"qowt-font2-TimesNewRoman\"> juntamente com seus trabalhos a n\u00edvel regional e nacional. <\/span><span id=\"E120\" class=\"qowt-font2-TimesNewRoman\">Tamb\u00e9m circulou nessa edi\u00e7\u00e3o<\/span><span id=\"E121\" class=\"qowt-font2-TimesNewRoman\">\u00a0<\/span><span id=\"E123\" class=\"qowt-font2-TimesNewRoman\">Ali\u00e3<\/span><span id=\"E125\" class=\"qowt-font2-TimesNewRoman\"> <\/span><span id=\"E127\" class=\"qowt-font2-TimesNewRoman\">Wamiri<\/span><span id=\"E129\" class=\"qowt-font2-TimesNewRoman\"> <\/span><span id=\"E131\" class=\"qowt-font2-TimesNewRoman\">Guajajara<\/span><span id=\"E133\" class=\"qowt-font2-TimesNewRoman\">, <\/span><span id=\"E134\" class=\"qowt-font2-TimesNewRoman\">uma <\/span><span id=\"E135\" class=\"qowt-font2-TimesNewRoman\">contadora de hist\u00f3rias e poeta da\u00a0Aldeia <\/span><span id=\"E137\" class=\"qowt-font2-TimesNewRoman\">Ukair<\/span><span id=\"E139\" class=\"qowt-font2-TimesNewRoman\">, em Teresina (PI)<\/span><span id=\"E140\" class=\"qowt-font2-TimesNewRoman\">.<\/span><span id=\"E141\" class=\"qowt-font2-TimesNewRoman\"> <\/span><span id=\"E142\" class=\"qowt-font2-TimesNewRoman\">Ela<\/span><span id=\"E143\" class=\"qowt-font2-TimesNewRoman\"> tamb\u00e9m <\/span><span id=\"E144\" class=\"qowt-font2-TimesNewRoman\">\u00e9\u00a0educadora art\u00edstica, produtora cultural, <\/span><span id=\"E146\" class=\"qowt-font2-TimesNewRoman\">fitoterapeuta<\/span><span id=\"E148\" class=\"qowt-font2-TimesNewRoman\"> e<\/span><span id=\"E149\" class=\"qowt-font2-TimesNewRoman\"> ilustradora de literatura infantil<\/span><span id=\"E150\" class=\"qowt-font2-TimesNewRoman\">,<\/span><span id=\"E151\" class=\"qowt-font2-TimesNewRoman\"> com experi\u00eancia na \u00e1rea de Arte-educa\u00e7\u00e3o <\/span><span id=\"E152\" class=\"qowt-font2-TimesNewRoman\">voltad<\/span><span id=\"E153\" class=\"qowt-font2-TimesNewRoman\">a<\/span><span id=\"E154\" class=\"qowt-font2-TimesNewRoman\"> \u00e0 cultura ind\u00edgena para o p\u00fablico infanto-juvenil, educadores e pesquisadores.<\/span><\/p>\n<p id=\"E155\" class=\"x-scope qowt-word-para-1\"><span id=\"E156\" class=\"qowt-font2-TimesNewRoman\">Ambos os artistas piauienses est\u00e3o presentes na Revista <\/span><span id=\"E157\" class=\"qowt-font2-TimesNewRoman\">P<\/span><span id=\"E158\" class=\"qowt-font2-TimesNewRoman\">alavra n\u00b0 12<\/span><span id=\"E159\" class=\"qowt-font2-TimesNewRoman\">,<\/span><span id=\"E160\" class=\"qowt-font2-TimesNewRoman\"> uma publica\u00e7\u00e3o liter\u00e1ria do <\/span><span id=\"E162\" class=\"qowt-font2-TimesNewRoman\">Sesc<\/span><span id=\"E164\" class=\"qowt-font2-TimesNewRoman\"> que oferece uma ampla perspectiva do fazer liter\u00e1rio e promove discuss\u00f5es sobre a literatura como express\u00e3o art\u00edstica e forma de conhecimento. Em suas edi\u00e7\u00f5es, divulga e evidencia a produ\u00e7\u00e3o de escritores j\u00e1 <\/span><span id=\"E165\" class=\"qowt-font2-TimesNewRoman\">conhecidos pelo p\u00fablico e de novos nomes da literatura brasileira por meio de <\/span>entrevistas, ensaios, cr\u00edticas, resenhas, poemas, contos e depoimentos.<\/p>\n<p><img loading=\"lazy\" decoding=\"async\" class=\"alignnone wp-image-2528\" src=\"http:\/\/sescpiaui.com.br\/escreversemfronteiras\/wp-content\/uploads\/2024\/03\/IMG-20240215-WA0196-275x300.jpg\" alt=\"\" width=\"335\" height=\"365\" srcset=\"http:\/\/sescpiaui.com.br\/escreversemfronteiras\/wp-content\/uploads\/2024\/03\/IMG-20240215-WA0196-275x300.jpg 275w, http:\/\/sescpiaui.com.br\/escreversemfronteiras\/wp-content\/uploads\/2024\/03\/IMG-20240215-WA0196-939x1024.jpg 939w, http:\/\/sescpiaui.com.br\/escreversemfronteiras\/wp-content\/uploads\/2024\/03\/IMG-20240215-WA0196-768x837.jpg 768w, http:\/\/sescpiaui.com.br\/escreversemfronteiras\/wp-content\/uploads\/2024\/03\/IMG-20240215-WA0196-810x883.jpg 810w, http:\/\/sescpiaui.com.br\/escreversemfronteiras\/wp-content\/uploads\/2024\/03\/IMG-20240215-WA0196-1140x1243.jpg 1140w, http:\/\/sescpiaui.com.br\/escreversemfronteiras\/wp-content\/uploads\/2024\/03\/IMG-20240215-WA0196.jpg 1244w\" sizes=\"auto, (max-width: 335px) 100vw, 335px\" \/>\u00a0 \u00a0 \u00a0 \u00a0 <img loading=\"lazy\" decoding=\"async\" class=\"alignnone size-medium wp-image-2536\" src=\"http:\/\/sescpiaui.com.br\/escreversemfronteiras\/wp-content\/uploads\/2024\/03\/ident1-300x212.jpg\" alt=\"\" width=\"300\" height=\"212\" srcset=\"http:\/\/sescpiaui.com.br\/escreversemfronteiras\/wp-content\/uploads\/2024\/03\/ident1-300x212.jpg 300w, http:\/\/sescpiaui.com.br\/escreversemfronteiras\/wp-content\/uploads\/2024\/03\/ident1-1024x724.jpg 1024w, http:\/\/sescpiaui.com.br\/escreversemfronteiras\/wp-content\/uploads\/2024\/03\/ident1-768x543.jpg 768w, http:\/\/sescpiaui.com.br\/escreversemfronteiras\/wp-content\/uploads\/2024\/03\/ident1-1536x1086.jpg 1536w, http:\/\/sescpiaui.com.br\/escreversemfronteiras\/wp-content\/uploads\/2024\/03\/ident1-2048x1448.jpg 2048w, http:\/\/sescpiaui.com.br\/escreversemfronteiras\/wp-content\/uploads\/2024\/03\/ident1-810x573.jpg 810w, http:\/\/sescpiaui.com.br\/escreversemfronteiras\/wp-content\/uploads\/2024\/03\/ident1-1140x806.jpg 1140w\" sizes=\"auto, (max-width: 300px) 100vw, 300px\" \/><\/p>\n<\/div>\n<\/div>\n<div id=\"contentsContainer\" class=\"style-scope qowt-page\">\n<div id=\"contents\" class=\"style-scope qowt-page\">\n<p id=\"E221\" class=\"x-scope qowt-word-para-2\"><span id=\"E222\" class=\"qowt-font2-TimesNewRoman\">Com curadoria coletiva, a publica\u00e7\u00e3o \u00e9 parte de um conjunto de esfor\u00e7os realizados em \u00e2mbito nacional para a promo\u00e7\u00e3o das diferentes formas de produ\u00e7\u00e3o e circula\u00e7\u00e3o de literatura. Em 2023, a edi\u00e7\u00e3o est\u00e1 especial. Publicamos um texto in\u00e9dito <\/span><span id=\"E223\" class=\"qowt-font2-TimesNewRoman\">de <\/span><span class=\"qowt-font2-TimesNewRoman\">Jos\u00e9 Saramago e um balan\u00e7o dos \u00faltimos 20 anos da literatura nacional. Al\u00e9m disso, um artigo traz a rela\u00e7\u00e3o bem simbi\u00f3tica entre games e literatura e a novidade &#8220;<\/span><span id=\"E227\" class=\"qowt-font2-TimesNewRoman\">PlaynaPoesia<\/span><span id=\"E230\" class=\"qowt-font2-TimesNewRoman\">&#8220;<\/span><span id=\"E231\" class=\"qowt-font2-TimesNewRoman\">,<\/span><span id=\"E232\" class=\"qowt-font2-TimesNewRoman\"> com v\u00eddeos de performa<\/span><span id=\"E233\" class=\"qowt-font2-TimesNewRoman\">nces liter\u00e1rias dos artistas piauienses que <\/span><span id=\"E234\" class=\"qowt-font2-TimesNewRoman\">circularam pelo Arte da Palavra 2023<\/span><span id=\"E235\" class=\"qowt-font2-TimesNewRoman\"> com os demais<\/span><span id=\"E236\" class=\"qowt-font2-TimesNewRoman\">, dispon\u00ed<\/span><span id=\"E237\" class=\"qowt-font2-TimesNewRoman\">vel no canal do Sesc Brasil:<\/span><\/p>\n<\/div>\n<\/div>\n<div id=\"contentsContainer\" class=\"style-scope qowt-page\">\n<div id=\"contents\" class=\"style-scope qowt-page\">\n<p id=\"E238\" class=\"x-scope qowt-word-para-2\"><a id=\"E239\" contenteditable=\"false\" href=\"https:\/\/youtu.be\/OqwO_X2hPnw?si=ikALDIjNbDz0nVXJ\" target=\"_blank\" rel=\"noopener\"><span id=\"E240\" class=\"qowt-font2-TimesNewRoman qowt-stl-Hyperlink\">https:\/\/youtu.be\/OqwO_X2hPnw?si=ikALDIjNbDz0nVXJ<\/span><\/a><span id=\"E241\" class=\"qowt-font2-TimesNewRoman\">,<\/span><a id=\"E242\" contenteditable=\"false\" href=\"https:\/\/youtu.be\/_Jg3FgU5Qps?si=HVHAHuhcYiuJ0t3Q\" target=\"_blank\" rel=\"noopener\"><span id=\"E243\" class=\"qowt-font2-TimesNewRoman qowt-stl-Hyperlink\">https:\/\/youtu.be\/_Jg3FgU5Qps?si=HVHAHuhcYiuJ0t3Q<\/span><\/a><span id=\"E244\" class=\"qowt-font2-TimesNewRoman\">. <\/span><\/p>\n<p id=\"E245\" class=\"x-scope qowt-word-para-2\"><span id=\"E246\" class=\"qowt-font2-TimesNewRoman\">J\u00e1 a Revista Online encontra-se nesse link:<\/span><\/p>\n<p id=\"E247\" class=\"x-scope qowt-word-para-2\"><a id=\"E248\" contenteditable=\"false\" href=\"https:\/\/www.sesc.com.br\/multimidia\/publicacoes\/revistapalavra2023\/\" target=\"_blank\" rel=\"noopener\"><span id=\"E249\" class=\"qowt-font2-TimesNewRoman qowt-stl-Hyperlink\">https:\/\/www.sesc.com.br\/multimidia\/publicacoes\/revistapalavra2023\/<\/span><\/a><span id=\"E251\" class=\"qowt-font2-TimesNewRoman\"> .<\/span><\/p>\n<p id=\"E254\" class=\"x-scope qowt-word-para-0\"><span id=\"E255\" class=\"qowt-font2-TimesNewRoman\">Artigo: <\/span><span id=\"E256\" class=\"qowt-font2-TimesNewRoman\">assesso<\/span><span id=\"E257\" class=\"qowt-font2-TimesNewRoman\">ria <\/span><span id=\"E258\" class=\"qowt-font2-TimesNewRoman\">da<\/span><span id=\"E259\" class=\"qowt-font2-TimesNewRoman\"> plataforma escrever<\/span><span id=\"E260\" class=\"qowt-font2-TimesNewRoman\"> sem fronteiras.<\/span><\/p>\n<\/div>\n<\/div>\n","protected":false},"excerpt":{"rendered":"<p>Durante o ano de 2023, aconteceu o circuito Arte da palavra Rede Sesc de Leituras; trata-se de um projeto de circula\u00e7\u00e3o liter\u00e1ria que percorre todas as regi\u00f5es do pa\u00eds com o objetivo de estimular a forma\u00e7\u00e3o de leitores e\u00a0promover o interc\u00e2mbio e a divulga\u00e7\u00e3o de novos autores e oferece a\u00e7\u00f5es que valorizam obras e escritores [&hellip;]<\/p>\n","protected":false},"author":1,"featured_media":2536,"comment_status":"open","ping_status":"open","sticky":false,"template":"","format":"standard","meta":{"footnotes":""},"categories":[47],"tags":[],"class_list":["post-2526","post","type-post","status-publish","format-standard","has-post-thumbnail","hentry","category-eventos"],"_links":{"self":[{"href":"http:\/\/sescpiaui.com.br\/escreversemfronteiras\/index.php\/wp-json\/wp\/v2\/posts\/2526","targetHints":{"allow":["GET"]}}],"collection":[{"href":"http:\/\/sescpiaui.com.br\/escreversemfronteiras\/index.php\/wp-json\/wp\/v2\/posts"}],"about":[{"href":"http:\/\/sescpiaui.com.br\/escreversemfronteiras\/index.php\/wp-json\/wp\/v2\/types\/post"}],"author":[{"embeddable":true,"href":"http:\/\/sescpiaui.com.br\/escreversemfronteiras\/index.php\/wp-json\/wp\/v2\/users\/1"}],"replies":[{"embeddable":true,"href":"http:\/\/sescpiaui.com.br\/escreversemfronteiras\/index.php\/wp-json\/wp\/v2\/comments?post=2526"}],"version-history":[{"count":3,"href":"http:\/\/sescpiaui.com.br\/escreversemfronteiras\/index.php\/wp-json\/wp\/v2\/posts\/2526\/revisions"}],"predecessor-version":[{"id":2773,"href":"http:\/\/sescpiaui.com.br\/escreversemfronteiras\/index.php\/wp-json\/wp\/v2\/posts\/2526\/revisions\/2773"}],"wp:featuredmedia":[{"embeddable":true,"href":"http:\/\/sescpiaui.com.br\/escreversemfronteiras\/index.php\/wp-json\/wp\/v2\/media\/2536"}],"wp:attachment":[{"href":"http:\/\/sescpiaui.com.br\/escreversemfronteiras\/index.php\/wp-json\/wp\/v2\/media?parent=2526"}],"wp:term":[{"taxonomy":"category","embeddable":true,"href":"http:\/\/sescpiaui.com.br\/escreversemfronteiras\/index.php\/wp-json\/wp\/v2\/categories?post=2526"},{"taxonomy":"post_tag","embeddable":true,"href":"http:\/\/sescpiaui.com.br\/escreversemfronteiras\/index.php\/wp-json\/wp\/v2\/tags?post=2526"}],"curies":[{"name":"wp","href":"https:\/\/api.w.org\/{rel}","templated":true}]}}