{"id":1577,"date":"2022-11-17T08:11:13","date_gmt":"2022-11-17T11:11:13","guid":{"rendered":"http:\/\/sescpiaui.com.br\/escreversemfronteiras\/?p=1577"},"modified":"2022-11-30T10:34:21","modified_gmt":"2022-11-30T13:34:21","slug":"repositorio-vanessa-teodoro","status":"publish","type":"post","link":"http:\/\/sescpiaui.com.br\/escreversemfronteiras\/index.php\/2022\/11\/17\/repositorio-vanessa-teodoro\/","title":{"rendered":"Reposit\u00f3rio Vanessa Trajano"},"content":{"rendered":"<p><a href=\"http:\/\/sescpiaui.com.br\/escreversemfronteiras\/wp-content\/uploads\/2022\/11\/REPOSITORIO-DE-ESCRITORES-1.webp\"><img loading=\"lazy\" decoding=\"async\" class=\"size-medium wp-image-1488 aligncenter\" src=\"http:\/\/sescpiaui.com.br\/escreversemfronteiras\/wp-content\/uploads\/2022\/11\/REPOSITORIO-DE-ESCRITORES-1-300x233.webp\" alt=\"\" width=\"300\" height=\"233\" srcset=\"http:\/\/sescpiaui.com.br\/escreversemfronteiras\/wp-content\/uploads\/2022\/11\/REPOSITORIO-DE-ESCRITORES-1-300x233.webp 300w, http:\/\/sescpiaui.com.br\/escreversemfronteiras\/wp-content\/uploads\/2022\/11\/REPOSITORIO-DE-ESCRITORES-1-768x595.webp 768w, http:\/\/sescpiaui.com.br\/escreversemfronteiras\/wp-content\/uploads\/2022\/11\/REPOSITORIO-DE-ESCRITORES-1-810x628.webp 810w, http:\/\/sescpiaui.com.br\/escreversemfronteiras\/wp-content\/uploads\/2022\/11\/REPOSITORIO-DE-ESCRITORES-1.webp 996w\" sizes=\"auto, (max-width: 300px) 100vw, 300px\" \/><\/a><\/p>\n<p style=\"text-align: left;\">Vanessa Teodoro Trajano (1992) \u00e9 teresinense radicada em Bras\u00edlia-DF. Al\u00e9m de escritora, \u00e9 roteirista e professora de L\u00edngua Portuguesa com mestrado em Estudos Liter\u00e1rios pela Universidade Federal do Piau\u00ed. Publicou ao total 15 livros, entre participa\u00e7\u00f5es em antologias e obras individuais, as quais se destacam Mulheres Incomuns (2012), cuja segunda edi\u00e7\u00e3o foi relan\u00e7ada pela Penalux em 2017 e adaptada para uma leitura dram\u00e1tica pelo Coletivo Piauhy Est\u00fadio das Artes, em Teresina; Antologia Transcultural de Poesia Feminina (2012), com autoras do Chile, Angola e Portugal; Poemas Proibidos (2014), lan\u00e7ado na Bienal de S\u00e3o Paulo em 2014; A mulher na literatura latino-americana (2018), com autoras da Am\u00e9rica latina e do Brasil; o romance Doralice (2015); Ela n\u00e3o \u00e9 mulher pra casar (2019), finalista do Pr\u00eamio Guarulhos na categoria livro do ano, e o Ebook Supermulher e outras performances po\u00e9ticas (2020). Em 2014, foi uma das personalidades piauienses que ganhou o pr\u00eamio Artista do Ano \u2013 Trof\u00e9u Lena Rios. Participou do Balc\u00e3o Po\u00e9tico Poematrix do Curto Circuito Off Flip em 2015, bem como de feiras liter\u00e1rias, saraus, palestras e oficinas em seu estado natal. Em 2017, ingressou no projeto Arte da Palavra promovido pelo SESC Nacional, sendo a primeira escritora do Piau\u00ed a participar desse projeto. Circulou por 12 cidades atrav\u00e9s do Circuito de Autores e do Circuito de Cria\u00e7\u00e3o Liter\u00e1ria: S\u00e3o Mateus, Colatina, Vit\u00f3ria \u2013 ES; Rio de Janeiro e Paraty \u2013 RJ; Itaja\u00ed-SC; Castanhal e Bel\u00e9m-PA; Macei\u00f3-AL; Recife-PE; Campo Grande e Corumb\u00e1-MS. Em novembro de 2018, participou do 25\u00ba Encuentro Internacional de Mujeres Poetas realizado na cidade de Ceret\u00e9, Col\u00f4mbia, representando o Brasil nessa edi\u00e7\u00e3o do evento. Recebeu o pr\u00eamio de melhor miniconto promovido pelo I JESP da Universidade Federal do Piau\u00ed em 2016, de melhor poema na edi\u00e7\u00e3o Novos autores do Poezine de 2014, al\u00e9m de ter sido uma das selecionadas no Pr\u00eamio Livraria Asabe\u00e7a &amp; Bignardi Pap\u00e9is, tamb\u00e9m na categoria poesia. Foi curadora da Plataforma Escrever Sem Fronteiras do Sesc Caixeiral, de Parna\u00edba-PI, entre 2018 e 2019. Atualmente, \u00e9 imortal da Academia Cruzeirense de Letras em Bras\u00edlia-DF, ocupando a cadeira cujo patrono \u00e9 Nelson Rodrigues. Recentemente, participou como colaboradora no roteiro do curta Maria, em fase de produ\u00e7\u00e3o pela Le\u00e3opontodecinema e do Gostosa, longa a ser filmado pela produtora Guabes. Ambos t\u00eam como foco narrativo problematizar o ass\u00e9dio e a viol\u00eancia sexual sofrida pelas mulheres, sobre as quais Vanessa foi convidada para dar a sua vis\u00e3o feminina.<\/p>\n","protected":false},"excerpt":{"rendered":"<p>Vanessa Teodoro Trajano (1992) \u00e9 teresinense radicada em Bras\u00edlia-DF. Al\u00e9m de escritora, \u00e9 roteirista e professora de L\u00edngua Portuguesa com mestrado em Estudos Liter\u00e1rios pela Universidade Federal do Piau\u00ed. Publicou ao total 15 livros, entre participa\u00e7\u00f5es em antologias e obras individuais, as quais se destacam Mulheres Incomuns (2012), cuja segunda edi\u00e7\u00e3o foi relan\u00e7ada pela Penalux [&hellip;]<\/p>\n","protected":false},"author":1,"featured_media":1579,"comment_status":"open","ping_status":"open","sticky":false,"template":"","format":"standard","meta":{"footnotes":""},"categories":[57],"tags":[],"class_list":["post-1577","post","type-post","status-publish","format-standard","has-post-thumbnail","hentry","category-repositorio"],"_links":{"self":[{"href":"http:\/\/sescpiaui.com.br\/escreversemfronteiras\/index.php\/wp-json\/wp\/v2\/posts\/1577","targetHints":{"allow":["GET"]}}],"collection":[{"href":"http:\/\/sescpiaui.com.br\/escreversemfronteiras\/index.php\/wp-json\/wp\/v2\/posts"}],"about":[{"href":"http:\/\/sescpiaui.com.br\/escreversemfronteiras\/index.php\/wp-json\/wp\/v2\/types\/post"}],"author":[{"embeddable":true,"href":"http:\/\/sescpiaui.com.br\/escreversemfronteiras\/index.php\/wp-json\/wp\/v2\/users\/1"}],"replies":[{"embeddable":true,"href":"http:\/\/sescpiaui.com.br\/escreversemfronteiras\/index.php\/wp-json\/wp\/v2\/comments?post=1577"}],"version-history":[{"count":8,"href":"http:\/\/sescpiaui.com.br\/escreversemfronteiras\/index.php\/wp-json\/wp\/v2\/posts\/1577\/revisions"}],"predecessor-version":[{"id":1903,"href":"http:\/\/sescpiaui.com.br\/escreversemfronteiras\/index.php\/wp-json\/wp\/v2\/posts\/1577\/revisions\/1903"}],"wp:featuredmedia":[{"embeddable":true,"href":"http:\/\/sescpiaui.com.br\/escreversemfronteiras\/index.php\/wp-json\/wp\/v2\/media\/1579"}],"wp:attachment":[{"href":"http:\/\/sescpiaui.com.br\/escreversemfronteiras\/index.php\/wp-json\/wp\/v2\/media?parent=1577"}],"wp:term":[{"taxonomy":"category","embeddable":true,"href":"http:\/\/sescpiaui.com.br\/escreversemfronteiras\/index.php\/wp-json\/wp\/v2\/categories?post=1577"},{"taxonomy":"post_tag","embeddable":true,"href":"http:\/\/sescpiaui.com.br\/escreversemfronteiras\/index.php\/wp-json\/wp\/v2\/tags?post=1577"}],"curies":[{"name":"wp","href":"https:\/\/api.w.org\/{rel}","templated":true}]}}