{"id":1464,"date":"2022-11-11T09:35:33","date_gmt":"2022-11-11T12:35:33","guid":{"rendered":"http:\/\/sescpiaui.com.br\/escreversemfronteiras\/?p=1464"},"modified":"2022-11-30T10:35:10","modified_gmt":"2022-11-30T13:35:10","slug":"repositorio-de-denise-veras","status":"publish","type":"post","link":"http:\/\/sescpiaui.com.br\/escreversemfronteiras\/index.php\/2022\/11\/11\/repositorio-de-denise-veras\/","title":{"rendered":"Reposit\u00f3rio de Denise Veras"},"content":{"rendered":"<p style=\"text-align: center;\"><a href=\"http:\/\/sescpiaui.com.br\/escreversemfronteiras\/wp-content\/uploads\/2022\/11\/REPOSITORIO-DE-ESCRITORES-1.webp\"><img loading=\"lazy\" decoding=\"async\" class=\"alignnone size-medium wp-image-1488\" src=\"http:\/\/sescpiaui.com.br\/escreversemfronteiras\/wp-content\/uploads\/2022\/11\/REPOSITORIO-DE-ESCRITORES-1-300x233.webp\" alt=\"\" width=\"300\" height=\"233\" srcset=\"http:\/\/sescpiaui.com.br\/escreversemfronteiras\/wp-content\/uploads\/2022\/11\/REPOSITORIO-DE-ESCRITORES-1-300x233.webp 300w, http:\/\/sescpiaui.com.br\/escreversemfronteiras\/wp-content\/uploads\/2022\/11\/REPOSITORIO-DE-ESCRITORES-1-768x595.webp 768w, http:\/\/sescpiaui.com.br\/escreversemfronteiras\/wp-content\/uploads\/2022\/11\/REPOSITORIO-DE-ESCRITORES-1-810x628.webp 810w, http:\/\/sescpiaui.com.br\/escreversemfronteiras\/wp-content\/uploads\/2022\/11\/REPOSITORIO-DE-ESCRITORES-1.webp 996w\" sizes=\"auto, (max-width: 300px) 100vw, 300px\" \/><\/a><\/p>\n<p>Denise Veras \u00e9 Doutora em Literatura pela Universidade de Bras\u00edlia \u2013 UNB e Mestre em Letras pela Universidade Federal do Piau\u00ed \u2013 UFPI. Atualmente \u00e9 servidora do Instituto Federal do Piau\u00ed \u2013 IFPI, onde coordena o Reposit\u00f3rio Institucional.<\/p>\n<p>Seu tr\u00e2nsito de pesquisa se d\u00e1 em estudos de Literatura e Ci\u00eancia da Informa\u00e7\u00e3o. Em Literatura, atua na Linha de Pesquisa Literatura e Sociedade, com \u00eanfase em Est\u00e9tica Liter\u00e1ria; em Ci\u00eancia da Informa\u00e7\u00e3o, trabalha com Informa\u00e7\u00e3o e Sociedade.<\/p>\n<p>A autora carrega consigo uma curiosidade de inf\u00e2ncia que talvez explique sua proximidade com a literatura e o cinema. Residiu em uma rua cujo nome \u00e9 Glauber Rocha, o que a impulsionou na busca por saber mais sobre o autor e, depois, investir seu tempo em pesquisar sobre o legado e trabalho dele.<\/p>\n","protected":false},"excerpt":{"rendered":"<p>Denise Veras \u00e9 Doutora em Literatura pela Universidade de Bras\u00edlia \u2013 UNB e Mestre em Letras pela Universidade Federal do Piau\u00ed \u2013 UFPI. Atualmente \u00e9 servidora do Instituto Federal do Piau\u00ed \u2013 IFPI, onde coordena o Reposit\u00f3rio Institucional. Seu tr\u00e2nsito de pesquisa se d\u00e1 em estudos de Literatura e Ci\u00eancia da Informa\u00e7\u00e3o. Em Literatura, atua [&hellip;]<\/p>\n","protected":false},"author":1,"featured_media":1462,"comment_status":"open","ping_status":"open","sticky":false,"template":"","format":"standard","meta":{"footnotes":""},"categories":[57],"tags":[],"class_list":["post-1464","post","type-post","status-publish","format-standard","has-post-thumbnail","hentry","category-repositorio"],"_links":{"self":[{"href":"http:\/\/sescpiaui.com.br\/escreversemfronteiras\/index.php\/wp-json\/wp\/v2\/posts\/1464","targetHints":{"allow":["GET"]}}],"collection":[{"href":"http:\/\/sescpiaui.com.br\/escreversemfronteiras\/index.php\/wp-json\/wp\/v2\/posts"}],"about":[{"href":"http:\/\/sescpiaui.com.br\/escreversemfronteiras\/index.php\/wp-json\/wp\/v2\/types\/post"}],"author":[{"embeddable":true,"href":"http:\/\/sescpiaui.com.br\/escreversemfronteiras\/index.php\/wp-json\/wp\/v2\/users\/1"}],"replies":[{"embeddable":true,"href":"http:\/\/sescpiaui.com.br\/escreversemfronteiras\/index.php\/wp-json\/wp\/v2\/comments?post=1464"}],"version-history":[{"count":2,"href":"http:\/\/sescpiaui.com.br\/escreversemfronteiras\/index.php\/wp-json\/wp\/v2\/posts\/1464\/revisions"}],"predecessor-version":[{"id":1904,"href":"http:\/\/sescpiaui.com.br\/escreversemfronteiras\/index.php\/wp-json\/wp\/v2\/posts\/1464\/revisions\/1904"}],"wp:featuredmedia":[{"embeddable":true,"href":"http:\/\/sescpiaui.com.br\/escreversemfronteiras\/index.php\/wp-json\/wp\/v2\/media\/1462"}],"wp:attachment":[{"href":"http:\/\/sescpiaui.com.br\/escreversemfronteiras\/index.php\/wp-json\/wp\/v2\/media?parent=1464"}],"wp:term":[{"taxonomy":"category","embeddable":true,"href":"http:\/\/sescpiaui.com.br\/escreversemfronteiras\/index.php\/wp-json\/wp\/v2\/categories?post=1464"},{"taxonomy":"post_tag","embeddable":true,"href":"http:\/\/sescpiaui.com.br\/escreversemfronteiras\/index.php\/wp-json\/wp\/v2\/tags?post=1464"}],"curies":[{"name":"wp","href":"https:\/\/api.w.org\/{rel}","templated":true}]}}