{"id":1346,"date":"2022-11-07T08:08:31","date_gmt":"2022-11-07T11:08:31","guid":{"rendered":"http:\/\/sescpiaui.com.br\/escreversemfronteiras\/?p=1346"},"modified":"2022-11-10T10:56:38","modified_gmt":"2022-11-10T13:56:38","slug":"vinte-contos-para-simplicio-dias-por-marcello-silva","status":"publish","type":"post","link":"http:\/\/sescpiaui.com.br\/escreversemfronteiras\/index.php\/2022\/11\/07\/vinte-contos-para-simplicio-dias-por-marcello-silva\/","title":{"rendered":"Vinte Contos para Simpl\u00edcio Dias, por Marcello Silva"},"content":{"rendered":"<p>Escrever \u00e9 experimentar a sensa\u00e7\u00e3o do criador no s\u00e9timo dia, ao observar suas criaturas forjadas na argila e met\u00e1foras. E \u00e9 nesta constru\u00e7\u00e3o metaf\u00f3rica que o escritor Ant\u00f4nio de<\/p>\n<p>P\u00e1dua Marques Silva nos brinda com mais um trabalho louv\u00e1vel: \u201cVinte Contos para Simpl\u00edcio Dias\u201d.<\/p>\n<p>P\u00e1dua Marques \u00e9 um prosador do cotidiano. Como diria o escritor Vin\u00edcius de Moraes[1] \u201cSenta-se diante de sua m\u00e1quina, acende um cigarro, olha atrav\u00e9s da janela e busca fundo em sua imagina\u00e7\u00e3o um fato qualquer, de prefer\u00eancia colhido no notici\u00e1rio matutino, ou da v\u00e9spera, em que, com as suas artimanhas peculiares, possa injetar um sangue novo.\u201d<\/p>\n<p>\u201cVinte Contos para Simpl\u00edcio Dias\u201d re\u00fane a cole\u00e7\u00e3o de 23 contos, nos quais o autor ousou utilizar a Hist\u00f3ria e fatos veross\u00edmeis como planos de fundo para enriquecer sua prosa. Os contos em quest\u00e3o \u00e9 uma mistura do real e do imagin\u00e1rio f\u00e9rtil do autor. At\u00e9 que ponto \u00e9 fic\u00e7\u00e3o ou verdade? Com esta indaga\u00e7\u00e3o, o escritor nos fisga e nos prende na leitura da obra. Em cada linha \u00e9 percept\u00edvel a escrita peculiar de P\u00e1dua Marques que n\u00e3o abre m\u00e3o de palavras e varia\u00e7\u00f5es lingu\u00edsticas da sua regi\u00e3o.<\/p>\n<p>Na obra em quest\u00e3o, P\u00e1dua Marques utiliza alguns nomes reais da fam\u00edlia \u201cDias da Silva, personagens hist\u00f3ricos e importantes no desenvolvimento social de Parna\u00edba e regi\u00e3o nos s\u00e9culos XVIII e XIX. A citar, o nome que d\u00e1 t\u00edtulo \u00e0 obra: Simpl\u00edcio Dias da Silva, um dos mais importantes vultos da hist\u00f3ria do munic\u00edpio, bem como, e sua esposa Isabel Tom\u00e1sia. Por outra, o autor constr\u00f3i personagens fict\u00edcios como o escravo Elias, servo \u2018fiel\u2019 a fam\u00edlia Dias da Silva. Nesse contexto se desenvolve o enredo dos contos, descrevendo a vida cotidiana de Parna\u00edba no s\u00e9culo XIX com sua Rua Grande, Pra\u00e7a da Gra\u00e7a, Porto das Barcas, Porto Salgado e, principalmente, descreve sua gente e seus instantes corriqueiros.<\/p>\n<p>Em \u201cVinte Contos para Simpl\u00edcio Dias\u201d acontece de tudo um pouco, desde confus\u00f5es provocadas pela invas\u00e3o ind\u00edgena \u00e0 vila no conto \u201cO bacamarte e a lan\u00e7a\u201d passando pela espera da visita de imperador franc\u00eas em \u201cSimpl\u00edcio Dias \u00e0 espera de Napole\u00e3o Bonaparte na praia da Pedra do Sal\u201d e assim descreve o autor no conto: \u201cFoi emocionante e ao mesmo tempo triste a expedi\u00e7\u00e3o dos volunt\u00e1rios da Parna\u00edba que iriam enfrentar Napole\u00e3o Bonaparte e os seus soldados naquela que se chamaria a Batalha da Pedra do Sal\u201d. Isto sem mencionar, o aparecimento de uma m\u00famia eg\u00edpcia, no conto \u201cA m\u00famia que dormiu na casa de Simpl\u00edcio Dias na Parna\u00edba\u201d.<\/p>\n<p>\u00cdndios, escravos, cientistas, revoltosos, coron\u00e9is, comerciantes estrangeiros, dentre outros, resolvem aparecer pelo Cais do Porto, Pra\u00e7a das Gra\u00e7as ou Casa Grande e todos festejam a Hist\u00f3ria, a Parna\u00edba e a mem\u00f3ria dos tempos pret\u00e9ritos, sob o comando da batuta do maestro da prosa, escritor Ant\u00f4nio de P\u00e1dua Marques Silva, \u201cO Padinha\u201d.<\/p>\n<p>Assim, caro leitor, n\u00e3o te conto mais! Convido-te a adentrar o \u201cuniverso simpliciano\u201d e se deleitar nas aventuras e imagina\u00e7\u00e3o de \u201cVinte Contos para Simpl\u00edcio Dias\u201d<\/p>\n<p>&nbsp;<\/p>\n<p style=\"text-align: right;\"><strong>Marcello Silva \u2013 Escritor<\/strong><\/p>\n<p style=\"text-align: right;\">(Autor dos livros: &#8220;O Pescador&#8221; (Chiado Editora, 2015) e \u201cHomo Cactus\u201d (Editorial Hope, 2018). Em 2020 participou da Colet\u00e2nea \u201cPoemas Entre Gera\u00e7\u00f5es\u201d com a participa\u00e7\u00e3o de 60 escritores de diferentes gera\u00e7\u00f5es da literatura de Parna\u00edba e regi\u00e3o. A Obra foi organizada pelo Jornal O Piagui em parceria com a Academia Parnaibana de Letras).<\/p>\n","protected":false},"excerpt":{"rendered":"<p>Escrever \u00e9 experimentar a sensa\u00e7\u00e3o do criador no s\u00e9timo dia, ao observar suas criaturas forjadas na argila e met\u00e1foras. E \u00e9 nesta constru\u00e7\u00e3o metaf\u00f3rica que o escritor Ant\u00f4nio de P\u00e1dua Marques Silva nos brinda com mais um trabalho louv\u00e1vel: \u201cVinte Contos para Simpl\u00edcio Dias\u201d. P\u00e1dua Marques \u00e9 um prosador do cotidiano. Como diria o escritor [&hellip;]<\/p>\n","protected":false},"author":1,"featured_media":1408,"comment_status":"open","ping_status":"open","sticky":false,"template":"","format":"standard","meta":{"footnotes":""},"categories":[46],"tags":[],"class_list":["post-1346","post","type-post","status-publish","format-standard","has-post-thumbnail","hentry","category-dicas-de-leitura"],"_links":{"self":[{"href":"http:\/\/sescpiaui.com.br\/escreversemfronteiras\/index.php\/wp-json\/wp\/v2\/posts\/1346","targetHints":{"allow":["GET"]}}],"collection":[{"href":"http:\/\/sescpiaui.com.br\/escreversemfronteiras\/index.php\/wp-json\/wp\/v2\/posts"}],"about":[{"href":"http:\/\/sescpiaui.com.br\/escreversemfronteiras\/index.php\/wp-json\/wp\/v2\/types\/post"}],"author":[{"embeddable":true,"href":"http:\/\/sescpiaui.com.br\/escreversemfronteiras\/index.php\/wp-json\/wp\/v2\/users\/1"}],"replies":[{"embeddable":true,"href":"http:\/\/sescpiaui.com.br\/escreversemfronteiras\/index.php\/wp-json\/wp\/v2\/comments?post=1346"}],"version-history":[{"count":1,"href":"http:\/\/sescpiaui.com.br\/escreversemfronteiras\/index.php\/wp-json\/wp\/v2\/posts\/1346\/revisions"}],"predecessor-version":[{"id":1348,"href":"http:\/\/sescpiaui.com.br\/escreversemfronteiras\/index.php\/wp-json\/wp\/v2\/posts\/1346\/revisions\/1348"}],"wp:featuredmedia":[{"embeddable":true,"href":"http:\/\/sescpiaui.com.br\/escreversemfronteiras\/index.php\/wp-json\/wp\/v2\/media\/1408"}],"wp:attachment":[{"href":"http:\/\/sescpiaui.com.br\/escreversemfronteiras\/index.php\/wp-json\/wp\/v2\/media?parent=1346"}],"wp:term":[{"taxonomy":"category","embeddable":true,"href":"http:\/\/sescpiaui.com.br\/escreversemfronteiras\/index.php\/wp-json\/wp\/v2\/categories?post=1346"},{"taxonomy":"post_tag","embeddable":true,"href":"http:\/\/sescpiaui.com.br\/escreversemfronteiras\/index.php\/wp-json\/wp\/v2\/tags?post=1346"}],"curies":[{"name":"wp","href":"https:\/\/api.w.org\/{rel}","templated":true}]}}