{"id":1318,"date":"2022-11-04T10:55:55","date_gmt":"2022-11-04T13:55:55","guid":{"rendered":"http:\/\/sescpiaui.com.br\/escreversemfronteiras\/?p=1318"},"modified":"2022-11-04T10:55:55","modified_gmt":"2022-11-04T13:55:55","slug":"escritor-jose-paraguassu-fala-do-seu-livro-sertao-encantado","status":"publish","type":"post","link":"http:\/\/sescpiaui.com.br\/escreversemfronteiras\/index.php\/2022\/11\/04\/escritor-jose-paraguassu-fala-do-seu-livro-sertao-encantado\/","title":{"rendered":"Escritor Jos\u00e9 Paraguass\u00fa fala do seu livro \u201cSert\u00e3o Encantado\u201d"},"content":{"rendered":"<p><img loading=\"lazy\" decoding=\"async\" class=\"alignnone wp-image-1320\" src=\"http:\/\/sescpiaui.com.br\/escreversemfronteiras\/wp-content\/uploads\/2022\/11\/Defret-3-600x380-1-300x190.jpg\" alt=\"\" width=\"600\" height=\"380\" srcset=\"http:\/\/sescpiaui.com.br\/escreversemfronteiras\/wp-content\/uploads\/2022\/11\/Defret-3-600x380-1-300x190.jpg 300w, http:\/\/sescpiaui.com.br\/escreversemfronteiras\/wp-content\/uploads\/2022\/11\/Defret-3-600x380-1.jpg 600w\" sizes=\"auto, (max-width: 600px) 100vw, 600px\" \/><\/p>\n<p>O poeta, m\u00fasico e compositor Jos\u00e9 Paraguass\u00fa foi o destaque da \u00faltima edi\u00e7\u00e3o do projeto De frente com o escritor, realizado pelo Sesc Floriano, no \u00faltimo s\u00e1bado (30). O evento reuniu trabalhadores do com\u00e9rcio, estudantes, colaboradores do Sesc e amantes da Literatura.<\/p>\n<p>Tamb\u00e9m participaram do evento a secret\u00e1ria de Cultura, Esporte e Lazer de Floriano, Elineuza Silva, e o presidente da Academia de Letras de Floriano, al\u00e9m de amigos do escritor. Jos\u00e9 Paraguass\u00fa \u00e9 autor do livro \u201cSert\u00e3o Encantado\u201d.<\/p>\n<p><img loading=\"lazy\" decoding=\"async\" class=\"alignnone size-large wp-image-10159\" src=\"http:\/\/intranet.spi.com.br\/wp-content\/uploads\/2022\/05\/Defret-4.jpg\" sizes=\"auto, (max-width: 600px) 100vw, 600px\" srcset=\"http:\/\/intranet.spi.com.br\/wp-content\/uploads\/2022\/05\/Defret-4.jpg 600w, http:\/\/intranet.spi.com.br\/wp-content\/uploads\/2022\/05\/Defret-4-300x200.jpg 300w, http:\/\/intranet.spi.com.br\/wp-content\/uploads\/2022\/05\/Defret-4-272x182.jpg 272w\" alt=\"\" width=\"600\" height=\"400\" \/><\/p>\n<p>Com media\u00e7\u00e3o da analista do Sesc, Vaneza de Sousa, o autor da obra falou do seu processo de escrita e comentou sobre poemas do seu livro. Ele tamb\u00e9m falou sobre sua trajet\u00f3ria em trabalhos liter\u00e1rios e musicais, como a participa\u00e7\u00e3o da colet\u00e2nea \u201cPequena Antologia Po\u00e9tica de Floriano\u201d, \u201cColet\u00e2nea Piau\u00ed Po\u00e9tico\u201d, \u201cPiau\u00ed em Letras\u201d, dentre outras.<\/p>\n<p>Jos\u00e9 Paraguass\u00fa tamb\u00e9m revelou o momento em que se descobriu poeta e quando decidiu escrever um livro com a tem\u00e1tica Sert\u00e3o. Ainda aproveitou a ocasi\u00e3o para tocar e cantar algumas de suas m\u00fasicas, na realidade poemas que viraram can\u00e7\u00f5es \u2013 demonstrando o quanto a Literatura \u00e9 flu\u00edda e h\u00edbrida.<\/p>\n<p>&nbsp;<\/p>\n<p><img loading=\"lazy\" decoding=\"async\" class=\"alignnone size-full wp-image-10156\" src=\"http:\/\/intranet.spi.com.br\/wp-content\/uploads\/2022\/05\/Defret-1.jpg\" sizes=\"auto, (max-width: 600px) 100vw, 600px\" srcset=\"http:\/\/intranet.spi.com.br\/wp-content\/uploads\/2022\/05\/Defret-1.jpg 600w, http:\/\/intranet.spi.com.br\/wp-content\/uploads\/2022\/05\/Defret-1-300x200.jpg 300w, http:\/\/intranet.spi.com.br\/wp-content\/uploads\/2022\/05\/Defret-1-272x182.jpg 272w\" alt=\"\" width=\"600\" height=\"400\" \/><\/p>\n<p>Durante o evento, a escritora e professora Francisneuma Dantas leu uma cr\u00f4nica autoral, onde conta como conheceu o autor e sobre sua interpreta\u00e7\u00e3o do livro \u201cSert\u00e3o Encantado\u201d.<\/p>\n<p>&nbsp;<\/p>\n<p><strong>\u00a0<\/strong><\/p>\n<p><img loading=\"lazy\" decoding=\"async\" class=\"alignnone size-large wp-image-10157\" src=\"http:\/\/intranet.spi.com.br\/wp-content\/uploads\/2022\/05\/Defret-2.jpg\" sizes=\"auto, (max-width: 600px) 100vw, 600px\" srcset=\"http:\/\/intranet.spi.com.br\/wp-content\/uploads\/2022\/05\/Defret-2.jpg 600w, http:\/\/intranet.spi.com.br\/wp-content\/uploads\/2022\/05\/Defret-2-300x200.jpg 300w, http:\/\/intranet.spi.com.br\/wp-content\/uploads\/2022\/05\/Defret-2-272x182.jpg 272w\" alt=\"\" width=\"600\" height=\"400\" \/><\/p>\n<p><strong>Sobre o livro Ser\u00e3o Encantado<\/strong><\/p>\n<p>&nbsp;<\/p>\n<p>O livro \u201cSert\u00e3o Encantado\u201d \u00e9 uma obra \u00a0escrita em versos que fala do amor do autor pelo Sert\u00e3o, pela natureza e de todos os encontros entre o real e o imagin\u00e1rio. Tamb\u00e9m fala de mem\u00f3ria e de pertencimento. Como diz o pr\u00f3prio autor \u201cEu n\u00e3o nasci no Sert\u00e3o, foi o Sert\u00e3o que nasceu em mim\u201d.<\/p>\n","protected":false},"excerpt":{"rendered":"<p>O poeta, m\u00fasico e compositor Jos\u00e9 Paraguass\u00fa foi o destaque da \u00faltima edi\u00e7\u00e3o do projeto De frente com o escritor, realizado pelo Sesc Floriano, no \u00faltimo s\u00e1bado (30). O evento reuniu trabalhadores do com\u00e9rcio, estudantes, colaboradores do Sesc e amantes da Literatura. Tamb\u00e9m participaram do evento a secret\u00e1ria de Cultura, Esporte e Lazer de Floriano, [&hellip;]<\/p>\n","protected":false},"author":1,"featured_media":1320,"comment_status":"open","ping_status":"open","sticky":false,"template":"","format":"standard","meta":{"footnotes":""},"categories":[47],"tags":[],"class_list":["post-1318","post","type-post","status-publish","format-standard","has-post-thumbnail","hentry","category-eventos"],"_links":{"self":[{"href":"http:\/\/sescpiaui.com.br\/escreversemfronteiras\/index.php\/wp-json\/wp\/v2\/posts\/1318","targetHints":{"allow":["GET"]}}],"collection":[{"href":"http:\/\/sescpiaui.com.br\/escreversemfronteiras\/index.php\/wp-json\/wp\/v2\/posts"}],"about":[{"href":"http:\/\/sescpiaui.com.br\/escreversemfronteiras\/index.php\/wp-json\/wp\/v2\/types\/post"}],"author":[{"embeddable":true,"href":"http:\/\/sescpiaui.com.br\/escreversemfronteiras\/index.php\/wp-json\/wp\/v2\/users\/1"}],"replies":[{"embeddable":true,"href":"http:\/\/sescpiaui.com.br\/escreversemfronteiras\/index.php\/wp-json\/wp\/v2\/comments?post=1318"}],"version-history":[{"count":2,"href":"http:\/\/sescpiaui.com.br\/escreversemfronteiras\/index.php\/wp-json\/wp\/v2\/posts\/1318\/revisions"}],"predecessor-version":[{"id":1322,"href":"http:\/\/sescpiaui.com.br\/escreversemfronteiras\/index.php\/wp-json\/wp\/v2\/posts\/1318\/revisions\/1322"}],"wp:featuredmedia":[{"embeddable":true,"href":"http:\/\/sescpiaui.com.br\/escreversemfronteiras\/index.php\/wp-json\/wp\/v2\/media\/1320"}],"wp:attachment":[{"href":"http:\/\/sescpiaui.com.br\/escreversemfronteiras\/index.php\/wp-json\/wp\/v2\/media?parent=1318"}],"wp:term":[{"taxonomy":"category","embeddable":true,"href":"http:\/\/sescpiaui.com.br\/escreversemfronteiras\/index.php\/wp-json\/wp\/v2\/categories?post=1318"},{"taxonomy":"post_tag","embeddable":true,"href":"http:\/\/sescpiaui.com.br\/escreversemfronteiras\/index.php\/wp-json\/wp\/v2\/tags?post=1318"}],"curies":[{"name":"wp","href":"https:\/\/api.w.org\/{rel}","templated":true}]}}