{"id":1308,"date":"2022-11-04T10:51:40","date_gmt":"2022-11-04T13:51:40","guid":{"rendered":"http:\/\/sescpiaui.com.br\/escreversemfronteiras\/?p=1308"},"modified":"2022-11-04T10:51:40","modified_gmt":"2022-11-04T13:51:40","slug":"sesc-caixeiral-promove-bate-papo-especializado-em-literatura","status":"publish","type":"post","link":"http:\/\/sescpiaui.com.br\/escreversemfronteiras\/index.php\/2022\/11\/04\/sesc-caixeiral-promove-bate-papo-especializado-em-literatura\/","title":{"rendered":"Sesc Caixeiral promove bate-papo especializado em Literatura"},"content":{"rendered":"<p>&nbsp;<\/p>\n<div>\n<p lang=\"pt-BR\"><span lang=\"pt-BR\" data-contrast=\"none\">O Caf\u00e9 Concerto do Sesc Caixeiral, em Parna\u00edba, foi palco na \u00faltima quarta-feira (17) do 1\u00ba Bate-papo de escuta especializada em Literatura. Mediado pela analista em Literatura do Sesc no Piau\u00ed, Camila Maia, o evento contou com grande p\u00fablico.<\/span><span data-ccp-props=\"{&quot;201341983&quot;:0,&quot;335551550&quot;:0,&quot;335551620&quot;:0,&quot;335559739&quot;:160,&quot;335559740&quot;:259}\">\u00a0<\/span><\/p>\n<\/div>\n<div>\n<p lang=\"pt-BR\"><span lang=\"pt-BR\" data-contrast=\"none\">O encontro tamb\u00e9m reuniu membros da Academia Mundial de Letras da Humanidade, da Academia Parnaibana de Letras, representantes das Universidades Federal e Estadual do Piau\u00ed e da OAB, escritores, artistas da palavra, educadores e gestores de escolas e faculdades p\u00fablicas e privadas de Parna\u00edba.<\/span><span data-ccp-props=\"{&quot;134233117&quot;:false,&quot;134233118&quot;:false,&quot;201341983&quot;:0,&quot;335551550&quot;:1,&quot;335551620&quot;:1,&quot;335559685&quot;:0,&quot;335559737&quot;:0,&quot;335559738&quot;:0,&quot;335559739&quot;:160,&quot;335559740&quot;:259}\">\u00a0<\/span><\/p>\n<\/div>\n<div>\n<p lang=\"pt-BR\"><span data-ccp-props=\"{&quot;134233117&quot;:false,&quot;134233118&quot;:false,&quot;201341983&quot;:0,&quot;335551550&quot;:1,&quot;335551620&quot;:1,&quot;335559685&quot;:0,&quot;335559737&quot;:0,&quot;335559738&quot;:0,&quot;335559739&quot;:160,&quot;335559740&quot;:259}\"><span lang=\"pt-BR\" data-contrast=\"none\"><img loading=\"lazy\" decoding=\"async\" class=\"wp-image-10737 aligncenter\" src=\"http:\/\/intranet.spi.com.br\/wp-content\/uploads\/2022\/08\/MG_3239.jpg\" sizes=\"auto, (max-width: 645px) 100vw, 645px\" srcset=\"http:\/\/intranet.spi.com.br\/wp-content\/uploads\/2022\/08\/MG_3239.jpg 1024w, http:\/\/intranet.spi.com.br\/wp-content\/uploads\/2022\/08\/MG_3239-300x200.jpg 300w, http:\/\/intranet.spi.com.br\/wp-content\/uploads\/2022\/08\/MG_3239-768x512.jpg 768w, http:\/\/intranet.spi.com.br\/wp-content\/uploads\/2022\/08\/MG_3239-272x182.jpg 272w\" alt=\"\" width=\"645\" height=\"430\" \/><\/span><\/span><\/p>\n<\/div>\n<div>\n<p lang=\"pt-BR\"><span lang=\"pt-BR\" data-contrast=\"none\">Al\u00e9m do bate-papo, no qual os participantes puderam apresentar seus projetos, perspectivas, anseios e propostas de trabalho, tamb\u00e9m aconteceu uma exposi\u00e7\u00e3o de livros de escritores parnaibanos, entre os quais os livros do presidente do Sesc no Piau\u00ed, Valdeci Cavalcante, com a sua\u00a0mais recente publica\u00e7\u00e3o \u201cJo\u00e3o Lustosa da Cunha Paranagu\u00e1 \u2013 O Marqu\u00eas de Paranagu\u00e1\u201d.<\/span><span data-ccp-props=\"{&quot;201341983&quot;:0,&quot;335551550&quot;:0,&quot;335551620&quot;:0,&quot;335559739&quot;:160,&quot;335559740&quot;:259}\">\u00a0<\/span><\/p>\n<p lang=\"pt-BR\">\n<\/div>\n<div>\n<p lang=\"pt-BR\"><span lang=\"pt-BR\" data-contrast=\"none\">O Centro Cultural Sesc\u00a0Caixeiral\u00a0reuniu esse\u00a0p\u00fablico\u00a0em um evento de escuta\u00a0especializada, com o objetivo de divulgar as a\u00e7\u00f5es do semestre e ouvir os participantes sobre os planos e projetos que v\u00eam ocorrendo na cidade, principalmente\u00a0no que se refere \u00e0 Literatura.\u00a0Finalizando evento, houve\u00a0declama\u00e7\u00f5es de poemas e performances art\u00edsticas.<\/span><\/p>\n<p lang=\"pt-BR\"><span lang=\"pt-BR\" data-contrast=\"none\"><img loading=\"lazy\" decoding=\"async\" class=\"wp-image-10736 aligncenter\" src=\"http:\/\/intranet.spi.com.br\/wp-content\/uploads\/2022\/08\/MG_3111.jpg\" sizes=\"auto, (max-width: 646px) 100vw, 646px\" srcset=\"http:\/\/intranet.spi.com.br\/wp-content\/uploads\/2022\/08\/MG_3111.jpg 1024w, http:\/\/intranet.spi.com.br\/wp-content\/uploads\/2022\/08\/MG_3111-300x200.jpg 300w, http:\/\/intranet.spi.com.br\/wp-content\/uploads\/2022\/08\/MG_3111-768x512.jpg 768w, http:\/\/intranet.spi.com.br\/wp-content\/uploads\/2022\/08\/MG_3111-272x182.jpg 272w\" alt=\"\" width=\"646\" height=\"431\" \/><\/span><\/p>\n<\/div>\n","protected":false},"excerpt":{"rendered":"<p>&nbsp; O Caf\u00e9 Concerto do Sesc Caixeiral, em Parna\u00edba, foi palco na \u00faltima quarta-feira (17) do 1\u00ba Bate-papo de escuta especializada em Literatura. Mediado pela analista em Literatura do Sesc no Piau\u00ed, Camila Maia, o evento contou com grande p\u00fablico.\u00a0 O encontro tamb\u00e9m reuniu membros da Academia Mundial de Letras da Humanidade, da Academia Parnaibana [&hellip;]<\/p>\n","protected":false},"author":1,"featured_media":1310,"comment_status":"open","ping_status":"open","sticky":false,"template":"","format":"standard","meta":{"footnotes":""},"categories":[47],"tags":[],"class_list":["post-1308","post","type-post","status-publish","format-standard","has-post-thumbnail","hentry","category-eventos"],"_links":{"self":[{"href":"http:\/\/sescpiaui.com.br\/escreversemfronteiras\/index.php\/wp-json\/wp\/v2\/posts\/1308","targetHints":{"allow":["GET"]}}],"collection":[{"href":"http:\/\/sescpiaui.com.br\/escreversemfronteiras\/index.php\/wp-json\/wp\/v2\/posts"}],"about":[{"href":"http:\/\/sescpiaui.com.br\/escreversemfronteiras\/index.php\/wp-json\/wp\/v2\/types\/post"}],"author":[{"embeddable":true,"href":"http:\/\/sescpiaui.com.br\/escreversemfronteiras\/index.php\/wp-json\/wp\/v2\/users\/1"}],"replies":[{"embeddable":true,"href":"http:\/\/sescpiaui.com.br\/escreversemfronteiras\/index.php\/wp-json\/wp\/v2\/comments?post=1308"}],"version-history":[{"count":1,"href":"http:\/\/sescpiaui.com.br\/escreversemfronteiras\/index.php\/wp-json\/wp\/v2\/posts\/1308\/revisions"}],"predecessor-version":[{"id":1311,"href":"http:\/\/sescpiaui.com.br\/escreversemfronteiras\/index.php\/wp-json\/wp\/v2\/posts\/1308\/revisions\/1311"}],"wp:featuredmedia":[{"embeddable":true,"href":"http:\/\/sescpiaui.com.br\/escreversemfronteiras\/index.php\/wp-json\/wp\/v2\/media\/1310"}],"wp:attachment":[{"href":"http:\/\/sescpiaui.com.br\/escreversemfronteiras\/index.php\/wp-json\/wp\/v2\/media?parent=1308"}],"wp:term":[{"taxonomy":"category","embeddable":true,"href":"http:\/\/sescpiaui.com.br\/escreversemfronteiras\/index.php\/wp-json\/wp\/v2\/categories?post=1308"},{"taxonomy":"post_tag","embeddable":true,"href":"http:\/\/sescpiaui.com.br\/escreversemfronteiras\/index.php\/wp-json\/wp\/v2\/tags?post=1308"}],"curies":[{"name":"wp","href":"https:\/\/api.w.org\/{rel}","templated":true}]}}