{"id":1300,"date":"2022-11-04T10:44:51","date_gmt":"2022-11-04T13:44:51","guid":{"rendered":"http:\/\/sescpiaui.com.br\/escreversemfronteiras\/?p=1300"},"modified":"2022-11-04T10:44:51","modified_gmt":"2022-11-04T13:44:51","slug":"escritoras-piauienses-participam-do-arte-da-palavra-em-floriano","status":"publish","type":"post","link":"http:\/\/sescpiaui.com.br\/escreversemfronteiras\/index.php\/2022\/11\/04\/escritoras-piauienses-participam-do-arte-da-palavra-em-floriano\/","title":{"rendered":"Escritoras piauienses participam do Arte da Palavra em Floriano"},"content":{"rendered":"<p><img loading=\"lazy\" decoding=\"async\" class=\"alignnone wp-image-1302\" src=\"http:\/\/sescpiaui.com.br\/escreversemfronteiras\/wp-content\/uploads\/2022\/11\/IMG-20220818-WA0046-720x380-1-300x158.jpg\" alt=\"\" width=\"720\" height=\"380\" srcset=\"http:\/\/sescpiaui.com.br\/escreversemfronteiras\/wp-content\/uploads\/2022\/11\/IMG-20220818-WA0046-720x380-1-300x158.jpg 300w, http:\/\/sescpiaui.com.br\/escreversemfronteiras\/wp-content\/uploads\/2022\/11\/IMG-20220818-WA0046-720x380-1.jpg 720w\" sizes=\"auto, (max-width: 720px) 100vw, 720px\" \/><\/p>\n<p>As escritoras piauienses Lorena Nery e Fernanda Paz ministraram o debate do Circuito de Autores do Arte da Palavra, no \u00faltimo dia 17, em Floriano.<\/p>\n<p>Durante o encontro as autoras abordaram sobre produ\u00e7\u00e3o liter\u00e1ria feita por mulheres, cria\u00e7\u00e3o, inspira\u00e7\u00e3o, escrita emp\u00e1tica, oralidade dos saraus e\u00a0sentimentos que a escrita proporciona, dentre outros temas.<\/p>\n<p>O encontro aconteceu em duas sess\u00f5es: \u00e0s 10h, na Escola Djalma Nunes com os alunos do Ensino Fundamental, do 6\u00ba ao 9\u00ba ano; e \u00e0s 19h, na Biblioteca do Sesc Floriano, que contou com a presen\u00e7a de estudantes e professores, bem como funcion\u00e1rios do Sesc.<\/p>\n<p>SOBRE O ARTE DA PALAVRA<\/p>\n<p>O\u00a0Circuito de Autores\u00a0do Arte da Palavra \u00e9 uma oportunidade de conhecer escritores do meio liter\u00e1rio nacional e suas produ\u00e7\u00f5es art\u00edsticas. O encontro \u00e9 um verdadeiro bate-papo entre dois participantes com trajet\u00f3rias distintas, mas que partilham a jornada da literatura, dialogando com o p\u00fablico sobre suas trajet\u00f3rias, experi\u00eancias e processos criativos.<\/p>\n<p><img loading=\"lazy\" decoding=\"async\" class=\"alignnone size-large wp-image-10783\" src=\"http:\/\/intranet.spi.com.br\/wp-content\/uploads\/2022\/08\/IMG-20220818-WA0046-1024x576.jpg\" sizes=\"auto, (max-width: 720px) 100vw, 720px\" srcset=\"http:\/\/intranet.spi.com.br\/wp-content\/uploads\/2022\/08\/IMG-20220818-WA0046-1024x576.jpg 1024w, http:\/\/intranet.spi.com.br\/wp-content\/uploads\/2022\/08\/IMG-20220818-WA0046-300x169.jpg 300w, http:\/\/intranet.spi.com.br\/wp-content\/uploads\/2022\/08\/IMG-20220818-WA0046-768x432.jpg 768w, http:\/\/intranet.spi.com.br\/wp-content\/uploads\/2022\/08\/IMG-20220818-WA0046.jpg 1280w\" alt=\"\" width=\"720\" height=\"405\" \/>\u00a0<img loading=\"lazy\" decoding=\"async\" class=\"alignnone size-large wp-image-10784\" src=\"http:\/\/intranet.spi.com.br\/wp-content\/uploads\/2022\/08\/IMG-20220817-WA0028-1-1024x576.jpg\" sizes=\"auto, (max-width: 720px) 100vw, 720px\" srcset=\"http:\/\/intranet.spi.com.br\/wp-content\/uploads\/2022\/08\/IMG-20220817-WA0028-1-1024x576.jpg 1024w, http:\/\/intranet.spi.com.br\/wp-content\/uploads\/2022\/08\/IMG-20220817-WA0028-1-300x169.jpg 300w, http:\/\/intranet.spi.com.br\/wp-content\/uploads\/2022\/08\/IMG-20220817-WA0028-1-768x432.jpg 768w, http:\/\/intranet.spi.com.br\/wp-content\/uploads\/2022\/08\/IMG-20220817-WA0028-1.jpg 1280w\" alt=\"\" width=\"720\" height=\"405\" \/><\/p>\n","protected":false},"excerpt":{"rendered":"<p>As escritoras piauienses Lorena Nery e Fernanda Paz ministraram o debate do Circuito de Autores do Arte da Palavra, no \u00faltimo dia 17, em Floriano. Durante o encontro as autoras abordaram sobre produ\u00e7\u00e3o liter\u00e1ria feita por mulheres, cria\u00e7\u00e3o, inspira\u00e7\u00e3o, escrita emp\u00e1tica, oralidade dos saraus e\u00a0sentimentos que a escrita proporciona, dentre outros temas. O encontro aconteceu [&hellip;]<\/p>\n","protected":false},"author":1,"featured_media":1302,"comment_status":"open","ping_status":"open","sticky":false,"template":"","format":"standard","meta":{"footnotes":""},"categories":[47],"tags":[],"class_list":["post-1300","post","type-post","status-publish","format-standard","has-post-thumbnail","hentry","category-eventos"],"_links":{"self":[{"href":"http:\/\/sescpiaui.com.br\/escreversemfronteiras\/index.php\/wp-json\/wp\/v2\/posts\/1300","targetHints":{"allow":["GET"]}}],"collection":[{"href":"http:\/\/sescpiaui.com.br\/escreversemfronteiras\/index.php\/wp-json\/wp\/v2\/posts"}],"about":[{"href":"http:\/\/sescpiaui.com.br\/escreversemfronteiras\/index.php\/wp-json\/wp\/v2\/types\/post"}],"author":[{"embeddable":true,"href":"http:\/\/sescpiaui.com.br\/escreversemfronteiras\/index.php\/wp-json\/wp\/v2\/users\/1"}],"replies":[{"embeddable":true,"href":"http:\/\/sescpiaui.com.br\/escreversemfronteiras\/index.php\/wp-json\/wp\/v2\/comments?post=1300"}],"version-history":[{"count":1,"href":"http:\/\/sescpiaui.com.br\/escreversemfronteiras\/index.php\/wp-json\/wp\/v2\/posts\/1300\/revisions"}],"predecessor-version":[{"id":1303,"href":"http:\/\/sescpiaui.com.br\/escreversemfronteiras\/index.php\/wp-json\/wp\/v2\/posts\/1300\/revisions\/1303"}],"wp:featuredmedia":[{"embeddable":true,"href":"http:\/\/sescpiaui.com.br\/escreversemfronteiras\/index.php\/wp-json\/wp\/v2\/media\/1302"}],"wp:attachment":[{"href":"http:\/\/sescpiaui.com.br\/escreversemfronteiras\/index.php\/wp-json\/wp\/v2\/media?parent=1300"}],"wp:term":[{"taxonomy":"category","embeddable":true,"href":"http:\/\/sescpiaui.com.br\/escreversemfronteiras\/index.php\/wp-json\/wp\/v2\/categories?post=1300"},{"taxonomy":"post_tag","embeddable":true,"href":"http:\/\/sescpiaui.com.br\/escreversemfronteiras\/index.php\/wp-json\/wp\/v2\/tags?post=1300"}],"curies":[{"name":"wp","href":"https:\/\/api.w.org\/{rel}","templated":true}]}}