{"id":1244,"date":"2022-11-04T09:55:02","date_gmt":"2022-11-04T12:55:02","guid":{"rendered":"http:\/\/sescpiaui.com.br\/escreversemfronteiras\/?p=1244"},"modified":"2022-11-17T10:47:04","modified_gmt":"2022-11-17T13:47:04","slug":"noite-estelar-por-flavia-valois","status":"publish","type":"post","link":"http:\/\/sescpiaui.com.br\/escreversemfronteiras\/index.php\/2022\/11\/04\/noite-estelar-por-flavia-valois\/","title":{"rendered":"Noite Estelar, por Fl\u00e1via Valois."},"content":{"rendered":"<p><a href=\"http:\/\/sescpiaui.com.br\/escreversemfronteiras\/wp-content\/uploads\/2022\/10\/image003-388x220-1.jpg\"><img loading=\"lazy\" decoding=\"async\" class=\"wp-image-1045 aligncenter\" src=\"http:\/\/sescpiaui.com.br\/escreversemfronteiras\/wp-content\/uploads\/2022\/10\/image003-388x220-1-300x170.jpg\" alt=\"\" width=\"388\" height=\"220\" srcset=\"http:\/\/sescpiaui.com.br\/escreversemfronteiras\/wp-content\/uploads\/2022\/10\/image003-388x220-1-300x170.jpg 300w, http:\/\/sescpiaui.com.br\/escreversemfronteiras\/wp-content\/uploads\/2022\/10\/image003-388x220-1.jpg 388w\" sizes=\"auto, (max-width: 388px) 100vw, 388px\" \/><\/a><\/p>\n<p>O mundo tem v\u00e1rias noites estreladas, e aquela que o Van Gogh inventou.<br \/>\nO Ferreira Gullar sabia que n\u00e3o \u00e9 por arrog\u00e2ncia ou joguinho, \u201cainda\u201d existirem pessoas dispostas a observar o observador \u2013 e a sua medita\u00e7\u00e3o humana cheia de imperfei\u00e7\u00f5es \u2013 ao tentar achar algo parecido com a sintonia: de n\u00e3o \u2018ter\u2019 no ser, s\u00f3 uma noite comum e c\u00f4moda, mas faz\u00ea-la acontecer com requintes de ess\u00eancia art\u00edstica, de saber o que se faz, por que se faz e com quem se faz essa tal liga\u00e7\u00e3o em tocar e trocar conhecimento e cora\u00e7\u00e3o com o outro, e, para qual fim.<br \/>\nPra respirar aliviado? Rubem Fonseca fala sobre secre\u00e7\u00f5es, express\u00f5es e desatinos, mas o que realmente me intriga \u00e9 nunca ter lido algu\u00e9m descrever, verdadeiros al\u00edvios mentais cr\u00edveis sem pudores e sem mesmices!<br \/>\nCorpo, alma e esp\u00edrito, formando a pir\u00e2mide interior que procura encaixar-se na forma ligeira ou calma, (como na \u00e9poca inocente dos jardins do saber, onde aprend\u00edamos a colocar a pe\u00e7a certa no lugar certo), o resultado ent\u00e3o seria harmonia?<br \/>\nSim, por\u00e9m, porque o desigual, o que n\u00e3o encaixa \u00e9 o que incomoda e inspira muito mais?<br \/>\nAcho que \u00e9 por isso que a Arte existe, pra fazer da nossa realidade conjunta \u2013 e ao mesmo tempo pobre e tantas vezes miser\u00e1vel de percep\u00e7\u00e3o mais intensa de sentimentos aut\u00eanticos e semelhantes \u2013 onde os opostos deveriam vir dispostos com maior riqueza em detalhes e, poss\u00edvel de nos bagun\u00e7ar da forma mais gostosa!<br \/>\nAnsiosos, \u00e1vidos por derrapar-se, cair descal\u00e7o, machucar-se e no fim, estar feliz com o pesar dos pesares das mais malucas escolhas. A alma pede pra deixar de lado o barulho, pede pro sil\u00eancio do orgulho se deitar, e assim se deixar ent\u00e3o fluir.<br \/>\nQuando se tem o flu\u00eddo, mas n\u00e3o se tem chance alguma e apenas reage-se por cadeia: age-se por conta de um erro seguido de outro erro. E desse jeito, na montanha de erros, os not\u00e1veis an\u00f4nimos se apaixonam e inevitavelmente, muito se aproximam atrav\u00e9s da surrada literatura de seus desejos ardentes, entretanto, s\u00e3o estes pelo pr\u00f3prio medo, contidos.<br \/>\nProcuram-se todos os dias no pr\u00f3ximo livro, na pr\u00f3xima can\u00e7\u00e3o. E na companhia diversa e nem t\u00e3o divertida de outro pulsar, deitam, calam, nada falam no ficar.<br \/>\nDescem ao esgoto da ins\u00f4nia aflita, quebram-se na espinhas, cuida-se cada um na sua linha, sabida e j\u00e1 interligada em segredo pelo astuto destino. E com semblantes sempre sin\u00f4nimos de quererem-se cada dia mais, cada vez mais. Quem levantar\u00e1 primeiro a bandeira da paz, e acabar\u00e1 de vez com a guerra que destr\u00f3i o peito sonhador de observar acompanhado e nada acanhado, mais uma noite m\u00e1gica e estelar?<\/p>\n","protected":false},"excerpt":{"rendered":"<p>O mundo tem v\u00e1rias noites estreladas, e aquela que o Van Gogh inventou. O Ferreira Gullar sabia que n\u00e3o \u00e9 por arrog\u00e2ncia ou joguinho, \u201cainda\u201d existirem pessoas dispostas a observar o observador \u2013 e a sua medita\u00e7\u00e3o humana cheia de imperfei\u00e7\u00f5es \u2013 ao tentar achar algo parecido com a sintonia: de n\u00e3o \u2018ter\u2019 no ser, [&hellip;]<\/p>\n","protected":false},"author":1,"featured_media":1045,"comment_status":"open","ping_status":"open","sticky":false,"template":"","format":"standard","meta":{"footnotes":""},"categories":[6],"tags":[],"class_list":["post-1244","post","type-post","status-publish","format-standard","has-post-thumbnail","hentry","category-cronicas"],"_links":{"self":[{"href":"http:\/\/sescpiaui.com.br\/escreversemfronteiras\/index.php\/wp-json\/wp\/v2\/posts\/1244","targetHints":{"allow":["GET"]}}],"collection":[{"href":"http:\/\/sescpiaui.com.br\/escreversemfronteiras\/index.php\/wp-json\/wp\/v2\/posts"}],"about":[{"href":"http:\/\/sescpiaui.com.br\/escreversemfronteiras\/index.php\/wp-json\/wp\/v2\/types\/post"}],"author":[{"embeddable":true,"href":"http:\/\/sescpiaui.com.br\/escreversemfronteiras\/index.php\/wp-json\/wp\/v2\/users\/1"}],"replies":[{"embeddable":true,"href":"http:\/\/sescpiaui.com.br\/escreversemfronteiras\/index.php\/wp-json\/wp\/v2\/comments?post=1244"}],"version-history":[{"count":3,"href":"http:\/\/sescpiaui.com.br\/escreversemfronteiras\/index.php\/wp-json\/wp\/v2\/posts\/1244\/revisions"}],"predecessor-version":[{"id":1634,"href":"http:\/\/sescpiaui.com.br\/escreversemfronteiras\/index.php\/wp-json\/wp\/v2\/posts\/1244\/revisions\/1634"}],"wp:featuredmedia":[{"embeddable":true,"href":"http:\/\/sescpiaui.com.br\/escreversemfronteiras\/index.php\/wp-json\/wp\/v2\/media\/1045"}],"wp:attachment":[{"href":"http:\/\/sescpiaui.com.br\/escreversemfronteiras\/index.php\/wp-json\/wp\/v2\/media?parent=1244"}],"wp:term":[{"taxonomy":"category","embeddable":true,"href":"http:\/\/sescpiaui.com.br\/escreversemfronteiras\/index.php\/wp-json\/wp\/v2\/categories?post=1244"},{"taxonomy":"post_tag","embeddable":true,"href":"http:\/\/sescpiaui.com.br\/escreversemfronteiras\/index.php\/wp-json\/wp\/v2\/tags?post=1244"}],"curies":[{"name":"wp","href":"https:\/\/api.w.org\/{rel}","templated":true}]}}