{"id":1241,"date":"2022-11-04T09:53:58","date_gmt":"2022-11-04T12:53:58","guid":{"rendered":"http:\/\/sescpiaui.com.br\/escreversemfronteiras\/?p=1241"},"modified":"2022-11-17T10:47:30","modified_gmt":"2022-11-17T13:47:30","slug":"a-palavra-como-exercicio-de-lucidez-por-alzerina-pinho","status":"publish","type":"post","link":"http:\/\/sescpiaui.com.br\/escreversemfronteiras\/index.php\/2022\/11\/04\/a-palavra-como-exercicio-de-lucidez-por-alzerina-pinho\/","title":{"rendered":"A palavra como exerc\u00edcio de lucidez, Por Alzerina Pinho."},"content":{"rendered":"<p><a href=\"http:\/\/sescpiaui.com.br\/escreversemfronteiras\/wp-content\/uploads\/2022\/10\/image003-388x220-1.jpg\"><img loading=\"lazy\" decoding=\"async\" class=\"wp-image-1045 aligncenter\" src=\"http:\/\/sescpiaui.com.br\/escreversemfronteiras\/wp-content\/uploads\/2022\/10\/image003-388x220-1-300x170.jpg\" alt=\"\" width=\"388\" height=\"220\" srcset=\"http:\/\/sescpiaui.com.br\/escreversemfronteiras\/wp-content\/uploads\/2022\/10\/image003-388x220-1-300x170.jpg 300w, http:\/\/sescpiaui.com.br\/escreversemfronteiras\/wp-content\/uploads\/2022\/10\/image003-388x220-1.jpg 388w\" sizes=\"auto, (max-width: 388px) 100vw, 388px\" \/><\/a><\/p>\n<p>Um v\u00eddeo me chega pelo WhatsApp, vindo de um ex-colega de trabalho.<br \/>\nObservo com especial aten\u00e7\u00e3o a barra do infinito ladeado de azul, de um c\u00e9u excepcionalmente l\u00edmpido e um mar que parece ter sido pintado pela fada dos mares, de um azul que at\u00e9 as algas daquelas \u00e1guas duvidam. Mas est\u00e3o l\u00e1: c\u00e9u, mar, horizonte\u2026 Enquanto o drone se esmera em voltas sobre a paisagem e um grupo de pessoas, l\u00e1 embaixo, come\u00e7a a compor o cen\u00e1rio.<br \/>\n\u00c9 um coral de vozes que executa uma can\u00e7\u00e3o que fala em mar, n\u00e3o h\u00e1 nenhuma mais apropriada e eu quase consigo sentir a brisa que envolve todo o grupo.<br \/>\nO drone sobrevoa mais alto e exibe a exuber\u00e2ncia da natureza e a arte arquitet\u00f4nica do lugar. \u00c0 dist\u00e2ncia, as pessoas parecem pequeninos pontos que se ajuntam para n\u00e3o dispersar, e, de alguma forma, se certificar da possibilidade do desafio de cantar.<br \/>\nDe perto \u00e9 poss\u00edvel ver o semblante de cada componente que d\u00e1 vida \u00e0quela can\u00e7\u00e3o. Todos vestem roupas brancas e, ao centro, acima do branco que integra e harmoniza, certo colorido me chama aten\u00e7\u00e3o e aguardo a proximidade das faces para identificar uma flor registrando ali, sobre os cabelos de algu\u00e9m, um n\u00e3o sei qu\u00ea de colorido descabido que achei melhor ignorar. Mas, para surpresa minha, reconheci naquele semblante uma persona non grata para mim.<br \/>\nDaqueles \u2018algu\u00e9ns que passam pelo nosso caminho e espalham dor que um dia, mesmo quando j\u00e1 n\u00e3o importa, recorda dor.<br \/>\nEssas ocorr\u00eancias que reabrem dores, ou mesmo que as produzem, nos assaltam todos os dias. O cotidiano est\u00e1 cheio de a\u00e7oites que perturbam as paisagens, destoam os cantos, desapontam, machucam.<br \/>\nNo mesmo dia, vejo com profunda tristeza os notici\u00e1rios veiculando um novo suic\u00eddio. Porque chega um dia em que n\u00e3o conseguimos mais absorver esses a\u00e7oites que nos rondam, n\u00e3o conseguimos mais processar as press\u00f5es que nos minam a resist\u00eancia.<br \/>\nFico grata \u00e0 palavra que sempre me resgata. \u00c0 palavra que, mais que express\u00e3o de sentimentos de mim e do mundo, \u00e9 exerc\u00edcio de lucidez.<br \/>\n\u00c0quele ponto branco de dor, meu ant\u00eddoto:<\/p>\n<p>do alto<br \/>\na flor inflama o branco<br \/>\ncomo se dor n\u00e3o fosse nome<br \/>\nfosse espanto<\/p>\n<p>do ar<br \/>\nintriga e (resto de) agonia antiga<br \/>\nsobrevoam, alheias<br \/>\n\u00e0 afli\u00e7\u00e3o que petrifica<\/p>\n<p>o canto revisita acidez<br \/>\nde ontem disfar\u00e7ada em lucidez<br \/>\nde novo cruza a estrada larga<br \/>\na lagarta que a desfez.<br \/>\n(Canta Mar Azul, Alzerina Pinho)<\/p>\n","protected":false},"excerpt":{"rendered":"<p>Um v\u00eddeo me chega pelo WhatsApp, vindo de um ex-colega de trabalho. Observo com especial aten\u00e7\u00e3o a barra do infinito ladeado de azul, de um c\u00e9u excepcionalmente l\u00edmpido e um mar que parece ter sido pintado pela fada dos mares, de um azul que at\u00e9 as algas daquelas \u00e1guas duvidam. Mas est\u00e3o l\u00e1: c\u00e9u, mar, [&hellip;]<\/p>\n","protected":false},"author":1,"featured_media":1045,"comment_status":"open","ping_status":"open","sticky":false,"template":"","format":"standard","meta":{"footnotes":""},"categories":[6],"tags":[],"class_list":["post-1241","post","type-post","status-publish","format-standard","has-post-thumbnail","hentry","category-cronicas"],"_links":{"self":[{"href":"http:\/\/sescpiaui.com.br\/escreversemfronteiras\/index.php\/wp-json\/wp\/v2\/posts\/1241","targetHints":{"allow":["GET"]}}],"collection":[{"href":"http:\/\/sescpiaui.com.br\/escreversemfronteiras\/index.php\/wp-json\/wp\/v2\/posts"}],"about":[{"href":"http:\/\/sescpiaui.com.br\/escreversemfronteiras\/index.php\/wp-json\/wp\/v2\/types\/post"}],"author":[{"embeddable":true,"href":"http:\/\/sescpiaui.com.br\/escreversemfronteiras\/index.php\/wp-json\/wp\/v2\/users\/1"}],"replies":[{"embeddable":true,"href":"http:\/\/sescpiaui.com.br\/escreversemfronteiras\/index.php\/wp-json\/wp\/v2\/comments?post=1241"}],"version-history":[{"count":3,"href":"http:\/\/sescpiaui.com.br\/escreversemfronteiras\/index.php\/wp-json\/wp\/v2\/posts\/1241\/revisions"}],"predecessor-version":[{"id":1635,"href":"http:\/\/sescpiaui.com.br\/escreversemfronteiras\/index.php\/wp-json\/wp\/v2\/posts\/1241\/revisions\/1635"}],"wp:featuredmedia":[{"embeddable":true,"href":"http:\/\/sescpiaui.com.br\/escreversemfronteiras\/index.php\/wp-json\/wp\/v2\/media\/1045"}],"wp:attachment":[{"href":"http:\/\/sescpiaui.com.br\/escreversemfronteiras\/index.php\/wp-json\/wp\/v2\/media?parent=1241"}],"wp:term":[{"taxonomy":"category","embeddable":true,"href":"http:\/\/sescpiaui.com.br\/escreversemfronteiras\/index.php\/wp-json\/wp\/v2\/categories?post=1241"},{"taxonomy":"post_tag","embeddable":true,"href":"http:\/\/sescpiaui.com.br\/escreversemfronteiras\/index.php\/wp-json\/wp\/v2\/tags?post=1241"}],"curies":[{"name":"wp","href":"https:\/\/api.w.org\/{rel}","templated":true}]}}