{"id":1201,"date":"2022-11-04T09:20:19","date_gmt":"2022-11-04T12:20:19","guid":{"rendered":"http:\/\/sescpiaui.com.br\/escreversemfronteiras\/?p=1201"},"modified":"2022-11-11T09:13:28","modified_gmt":"2022-11-11T12:13:28","slug":"loucura-da-era-medieval-a-contemporanea","status":"publish","type":"post","link":"http:\/\/sescpiaui.com.br\/escreversemfronteiras\/index.php\/2022\/11\/04\/loucura-da-era-medieval-a-contemporanea\/","title":{"rendered":"Loucura: da era medieval a contempor\u00e2nea"},"content":{"rendered":"<p><img loading=\"lazy\" decoding=\"async\" class=\"alignnone wp-image-1454\" src=\"http:\/\/sescpiaui.com.br\/escreversemfronteiras\/wp-content\/uploads\/2022\/11\/ARTIGO-CIENTIFICO-300x200.webp\" alt=\"\" width=\"626\" height=\"417\" srcset=\"http:\/\/sescpiaui.com.br\/escreversemfronteiras\/wp-content\/uploads\/2022\/11\/ARTIGO-CIENTIFICO-300x200.webp 300w, http:\/\/sescpiaui.com.br\/escreversemfronteiras\/wp-content\/uploads\/2022\/11\/ARTIGO-CIENTIFICO-1024x683.webp 1024w, http:\/\/sescpiaui.com.br\/escreversemfronteiras\/wp-content\/uploads\/2022\/11\/ARTIGO-CIENTIFICO-768x512.webp 768w, http:\/\/sescpiaui.com.br\/escreversemfronteiras\/wp-content\/uploads\/2022\/11\/ARTIGO-CIENTIFICO-810x540.webp 810w, http:\/\/sescpiaui.com.br\/escreversemfronteiras\/wp-content\/uploads\/2022\/11\/ARTIGO-CIENTIFICO-1140x760.webp 1140w, http:\/\/sescpiaui.com.br\/escreversemfronteiras\/wp-content\/uploads\/2022\/11\/ARTIGO-CIENTIFICO.webp 1380w\" sizes=\"auto, (max-width: 626px) 100vw, 626px\" \/><\/p>\n<p><strong>LOUCURA: DA ERA MEDIEVAL A CONTEMPOR\u00c2NEA<\/strong><\/p>\n<p><strong>\u00a0<\/strong><\/p>\n<p><strong>MARCIANO GUALBERTO ANDRADE NASCIMENTO JUNIOR<\/strong><\/p>\n<p>Graduando em Hist\u00f3ria pela Faculdade Internacional do Delta<br \/>\njuniorrnietzsche@gmail.com<\/p>\n<p><strong>\u00a0<\/strong><\/p>\n<p><strong>RESUMO:<\/strong>\u00a0Com o objetivo de analisar o conte\u00fado epistemol\u00f3gico presente nas obras:\u00a0<em>A Hist\u00f3ria da Loucura<\/em>\u00a0e\u00a0<em>O Alienista<\/em>, com a intencionalidade de pensar o percurso da Loucura da Era Medieval at\u00e9 contemporaneidade, pautada nos avan\u00e7os da medicina, com outros costumes e modos de tratamento para especificar de maneira mais cient\u00edfica essa enfermidade. A metodologia \u00e9 composta pelo levantamento dos textos\u00a0<em>A hist\u00f3ria da Loucura<\/em>\u00a0de Michel Foucault, que traz as informa\u00e7\u00f5es de como se perpetuavam os tratamentos a enfermidade da loucura na era medieval tendo seguimento depois da Lepra e doen\u00e7as ven\u00e9reas, e obra\u00a0<em>O Alienista<\/em>\u00a0do Machado de Assis, que problematiza a quest\u00e3o de como eram tratados os Loucos em Itagua\u00ed no s\u00e9culo XlX, na mesma temporalidade em que o Brasil ainda fazia parte da coroa de Portugal.<\/p>\n<p><strong><em>\u00a0<\/em><\/strong><\/p>\n<p><strong>PALAVRAS-CHAVE:<\/strong>\u00a0Hist\u00f3ria. Loucura. Medieval. Contempor\u00e2nea.<\/p>\n<p>&nbsp;<\/p>\n[1] Graduando do curso de Licenciatura plena em Hist\u00f3ria da Faculdade Internacional do Delta-FID.<\/p>\n","protected":false},"excerpt":{"rendered":"<p>LOUCURA: DA ERA MEDIEVAL A CONTEMPOR\u00c2NEA \u00a0 MARCIANO GUALBERTO ANDRADE NASCIMENTO JUNIOR Graduando em Hist\u00f3ria pela Faculdade Internacional do Delta juniorrnietzsche@gmail.com \u00a0 RESUMO:\u00a0Com o objetivo de analisar o conte\u00fado epistemol\u00f3gico presente nas obras:\u00a0A Hist\u00f3ria da Loucura\u00a0e\u00a0O Alienista, com a intencionalidade de pensar o percurso da Loucura da Era Medieval at\u00e9 contemporaneidade, pautada nos avan\u00e7os da [&hellip;]<\/p>\n","protected":false},"author":1,"featured_media":1454,"comment_status":"open","ping_status":"open","sticky":false,"template":"","format":"standard","meta":{"footnotes":""},"categories":[3],"tags":[],"class_list":["post-1201","post","type-post","status-publish","format-standard","has-post-thumbnail","hentry","category-artigos"],"_links":{"self":[{"href":"http:\/\/sescpiaui.com.br\/escreversemfronteiras\/index.php\/wp-json\/wp\/v2\/posts\/1201","targetHints":{"allow":["GET"]}}],"collection":[{"href":"http:\/\/sescpiaui.com.br\/escreversemfronteiras\/index.php\/wp-json\/wp\/v2\/posts"}],"about":[{"href":"http:\/\/sescpiaui.com.br\/escreversemfronteiras\/index.php\/wp-json\/wp\/v2\/types\/post"}],"author":[{"embeddable":true,"href":"http:\/\/sescpiaui.com.br\/escreversemfronteiras\/index.php\/wp-json\/wp\/v2\/users\/1"}],"replies":[{"embeddable":true,"href":"http:\/\/sescpiaui.com.br\/escreversemfronteiras\/index.php\/wp-json\/wp\/v2\/comments?post=1201"}],"version-history":[{"count":4,"href":"http:\/\/sescpiaui.com.br\/escreversemfronteiras\/index.php\/wp-json\/wp\/v2\/posts\/1201\/revisions"}],"predecessor-version":[{"id":1459,"href":"http:\/\/sescpiaui.com.br\/escreversemfronteiras\/index.php\/wp-json\/wp\/v2\/posts\/1201\/revisions\/1459"}],"wp:featuredmedia":[{"embeddable":true,"href":"http:\/\/sescpiaui.com.br\/escreversemfronteiras\/index.php\/wp-json\/wp\/v2\/media\/1454"}],"wp:attachment":[{"href":"http:\/\/sescpiaui.com.br\/escreversemfronteiras\/index.php\/wp-json\/wp\/v2\/media?parent=1201"}],"wp:term":[{"taxonomy":"category","embeddable":true,"href":"http:\/\/sescpiaui.com.br\/escreversemfronteiras\/index.php\/wp-json\/wp\/v2\/categories?post=1201"},{"taxonomy":"post_tag","embeddable":true,"href":"http:\/\/sescpiaui.com.br\/escreversemfronteiras\/index.php\/wp-json\/wp\/v2\/tags?post=1201"}],"curies":[{"name":"wp","href":"https:\/\/api.w.org\/{rel}","templated":true}]}}