{"id":1190,"date":"2022-11-04T08:58:13","date_gmt":"2022-11-04T11:58:13","guid":{"rendered":"http:\/\/sescpiaui.com.br\/escreversemfronteiras\/?p=1190"},"modified":"2022-11-04T09:06:19","modified_gmt":"2022-11-04T12:06:19","slug":"retrato-do-meu-pai-por-airton-porto","status":"publish","type":"post","link":"http:\/\/sescpiaui.com.br\/escreversemfronteiras\/index.php\/2022\/11\/04\/retrato-do-meu-pai-por-airton-porto\/","title":{"rendered":"Retrato do meu pai, por Airton Porto"},"content":{"rendered":"<p><img loading=\"lazy\" decoding=\"async\" class=\"alignnone wp-image-1134\" src=\"http:\/\/sescpiaui.com.br\/escreversemfronteiras\/wp-content\/uploads\/2022\/11\/image005-1-300x200.jpg\" alt=\"\" width=\"485\" height=\"323\" srcset=\"http:\/\/sescpiaui.com.br\/escreversemfronteiras\/wp-content\/uploads\/2022\/11\/image005-1-300x200.jpg 300w, http:\/\/sescpiaui.com.br\/escreversemfronteiras\/wp-content\/uploads\/2022\/11\/image005-1.jpg 626w\" sizes=\"auto, (max-width: 485px) 100vw, 485px\" \/><\/p>\n<p>Vejo-me diante do espelho velho da minha casa<br \/>\nOnde meu pai penteava a cabeleira<br \/>\nE minha m\u00e3e p\u00f3 no rosto passava.<br \/>\nSou a imagem do meu pai<br \/>\nRefletida na identidade do espelho<br \/>\nOnde os tempos se igualam<br \/>\nE as apar\u00eancias s\u00e3o gritantes.<br \/>\nN\u00e3o precisei me apressar,<br \/>\nNem tampouco me esconder,<br \/>\nO tempo disso se encarregou \u2013<br \/>\nDo desenhar t\u00e3o leve, simples e certo.<\/p>\n<p style=\"text-align: right;\"><strong><em>A\u00edrton Porto (Poeta e Fot\u00f3grafo)<\/em><\/strong><\/p>\n<h6 align=\"right\">Texto resultante da participa\u00e7\u00e3o do artista no Laborat\u00f3rio de Experimenta\u00e7\u00e3o e Cria\u00e7\u00e3o Liter\u00e1ria do Sesc Caixeiral, ocorrido de maio a setembro de 2018<\/h6>\n","protected":false},"excerpt":{"rendered":"<p>Vejo-me diante do espelho velho da minha casa Onde meu pai penteava a cabeleira E minha m\u00e3e p\u00f3 no rosto passava. Sou a imagem do meu pai Refletida na identidade do espelho Onde os tempos se igualam E as apar\u00eancias s\u00e3o gritantes. N\u00e3o precisei me apressar, Nem tampouco me esconder, O tempo disso se encarregou [&hellip;]<\/p>\n","protected":false},"author":1,"featured_media":1134,"comment_status":"open","ping_status":"open","sticky":false,"template":"","format":"standard","meta":{"footnotes":""},"categories":[1],"tags":[],"class_list":["post-1190","post","type-post","status-publish","format-standard","has-post-thumbnail","hentry","category-poemas"],"_links":{"self":[{"href":"http:\/\/sescpiaui.com.br\/escreversemfronteiras\/index.php\/wp-json\/wp\/v2\/posts\/1190","targetHints":{"allow":["GET"]}}],"collection":[{"href":"http:\/\/sescpiaui.com.br\/escreversemfronteiras\/index.php\/wp-json\/wp\/v2\/posts"}],"about":[{"href":"http:\/\/sescpiaui.com.br\/escreversemfronteiras\/index.php\/wp-json\/wp\/v2\/types\/post"}],"author":[{"embeddable":true,"href":"http:\/\/sescpiaui.com.br\/escreversemfronteiras\/index.php\/wp-json\/wp\/v2\/users\/1"}],"replies":[{"embeddable":true,"href":"http:\/\/sescpiaui.com.br\/escreversemfronteiras\/index.php\/wp-json\/wp\/v2\/comments?post=1190"}],"version-history":[{"count":2,"href":"http:\/\/sescpiaui.com.br\/escreversemfronteiras\/index.php\/wp-json\/wp\/v2\/posts\/1190\/revisions"}],"predecessor-version":[{"id":1193,"href":"http:\/\/sescpiaui.com.br\/escreversemfronteiras\/index.php\/wp-json\/wp\/v2\/posts\/1190\/revisions\/1193"}],"wp:featuredmedia":[{"embeddable":true,"href":"http:\/\/sescpiaui.com.br\/escreversemfronteiras\/index.php\/wp-json\/wp\/v2\/media\/1134"}],"wp:attachment":[{"href":"http:\/\/sescpiaui.com.br\/escreversemfronteiras\/index.php\/wp-json\/wp\/v2\/media?parent=1190"}],"wp:term":[{"taxonomy":"category","embeddable":true,"href":"http:\/\/sescpiaui.com.br\/escreversemfronteiras\/index.php\/wp-json\/wp\/v2\/categories?post=1190"},{"taxonomy":"post_tag","embeddable":true,"href":"http:\/\/sescpiaui.com.br\/escreversemfronteiras\/index.php\/wp-json\/wp\/v2\/tags?post=1190"}],"curies":[{"name":"wp","href":"https:\/\/api.w.org\/{rel}","templated":true}]}}