{"id":1174,"date":"2022-11-04T08:47:15","date_gmt":"2022-11-04T11:47:15","guid":{"rendered":"http:\/\/sescpiaui.com.br\/escreversemfronteiras\/?p=1174"},"modified":"2022-11-17T10:51:22","modified_gmt":"2022-11-17T13:51:22","slug":"mulheres-por-amparo-carvalho","status":"publish","type":"post","link":"http:\/\/sescpiaui.com.br\/escreversemfronteiras\/index.php\/2022\/11\/04\/mulheres-por-amparo-carvalho\/","title":{"rendered":"Mulheres, Por Amparo Carvalho."},"content":{"rendered":"<p><a href=\"http:\/\/sescpiaui.com.br\/escreversemfronteiras\/wp-content\/uploads\/2022\/11\/image005-1.jpg\"><img loading=\"lazy\" decoding=\"async\" class=\"alignnone wp-image-1134\" src=\"http:\/\/sescpiaui.com.br\/escreversemfronteiras\/wp-content\/uploads\/2022\/11\/image005-1-300x200.jpg\" alt=\"\" width=\"488\" height=\"325\" srcset=\"http:\/\/sescpiaui.com.br\/escreversemfronteiras\/wp-content\/uploads\/2022\/11\/image005-1-300x200.jpg 300w, http:\/\/sescpiaui.com.br\/escreversemfronteiras\/wp-content\/uploads\/2022\/11\/image005-1.jpg 626w\" sizes=\"auto, (max-width: 488px) 100vw, 488px\" \/><\/a><\/p>\n<p>Somos mulheres\u2026<br \/>\nV\u00edtimas<br \/>\nDe tradi\u00e7\u00f5es<br \/>\nDe cren\u00e7as<br \/>\nDe pessoas alienadas<br \/>\nDe preconceitos enraizados<\/p>\n<p>Somos mulheres\u2026<br \/>\nAlgumas feridas<br \/>\nOutras mortas<br \/>\nPor serem guerreiras<br \/>\nEsse \u00e9 o delito<\/p>\n<p>Somos mulheres\u2026<br \/>\n\u00c0s vezes violentadas<br \/>\nAlgumas angustiadas<br \/>\nTodas lindas e obl\u00edquas<br \/>\n\u2026 Mas mortas<br \/>\nE nesse entremeio mortal<br \/>\nN\u00e3o se pensa<br \/>\nDiscriminam as v\u00edtimas<br \/>\nV\u00edtimas de um sistema irreal<\/p>\n<p>Somos mulheres\u2026<br \/>\nCalamos gemidos<br \/>\nPara resistir<br \/>\nEm corpos corrompidos<br \/>\nCobertos de \u201cais\u201d<br \/>\nE sem resili\u00eancia para sobreviver.<\/p>\n","protected":false},"excerpt":{"rendered":"<p>Somos mulheres\u2026 V\u00edtimas De tradi\u00e7\u00f5es De cren\u00e7as De pessoas alienadas De preconceitos enraizados Somos mulheres\u2026 Algumas feridas Outras mortas Por serem guerreiras Esse \u00e9 o delito Somos mulheres\u2026 \u00c0s vezes violentadas Algumas angustiadas Todas lindas e obl\u00edquas \u2026 Mas mortas E nesse entremeio mortal N\u00e3o se pensa Discriminam as v\u00edtimas V\u00edtimas de um sistema irreal [&hellip;]<\/p>\n","protected":false},"author":1,"featured_media":1134,"comment_status":"open","ping_status":"open","sticky":false,"template":"","format":"standard","meta":{"footnotes":""},"categories":[1],"tags":[],"class_list":["post-1174","post","type-post","status-publish","format-standard","has-post-thumbnail","hentry","category-poemas"],"_links":{"self":[{"href":"http:\/\/sescpiaui.com.br\/escreversemfronteiras\/index.php\/wp-json\/wp\/v2\/posts\/1174","targetHints":{"allow":["GET"]}}],"collection":[{"href":"http:\/\/sescpiaui.com.br\/escreversemfronteiras\/index.php\/wp-json\/wp\/v2\/posts"}],"about":[{"href":"http:\/\/sescpiaui.com.br\/escreversemfronteiras\/index.php\/wp-json\/wp\/v2\/types\/post"}],"author":[{"embeddable":true,"href":"http:\/\/sescpiaui.com.br\/escreversemfronteiras\/index.php\/wp-json\/wp\/v2\/users\/1"}],"replies":[{"embeddable":true,"href":"http:\/\/sescpiaui.com.br\/escreversemfronteiras\/index.php\/wp-json\/wp\/v2\/comments?post=1174"}],"version-history":[{"count":2,"href":"http:\/\/sescpiaui.com.br\/escreversemfronteiras\/index.php\/wp-json\/wp\/v2\/posts\/1174\/revisions"}],"predecessor-version":[{"id":1636,"href":"http:\/\/sescpiaui.com.br\/escreversemfronteiras\/index.php\/wp-json\/wp\/v2\/posts\/1174\/revisions\/1636"}],"wp:featuredmedia":[{"embeddable":true,"href":"http:\/\/sescpiaui.com.br\/escreversemfronteiras\/index.php\/wp-json\/wp\/v2\/media\/1134"}],"wp:attachment":[{"href":"http:\/\/sescpiaui.com.br\/escreversemfronteiras\/index.php\/wp-json\/wp\/v2\/media?parent=1174"}],"wp:term":[{"taxonomy":"category","embeddable":true,"href":"http:\/\/sescpiaui.com.br\/escreversemfronteiras\/index.php\/wp-json\/wp\/v2\/categories?post=1174"},{"taxonomy":"post_tag","embeddable":true,"href":"http:\/\/sescpiaui.com.br\/escreversemfronteiras\/index.php\/wp-json\/wp\/v2\/tags?post=1174"}],"curies":[{"name":"wp","href":"https:\/\/api.w.org\/{rel}","templated":true}]}}