{"id":1168,"date":"2022-11-04T08:44:06","date_gmt":"2022-11-04T11:44:06","guid":{"rendered":"http:\/\/sescpiaui.com.br\/escreversemfronteiras\/?p=1168"},"modified":"2022-11-17T10:53:21","modified_gmt":"2022-11-17T13:53:21","slug":"gravida-de-sonhos-por-karoline-de-carvalho","status":"publish","type":"post","link":"http:\/\/sescpiaui.com.br\/escreversemfronteiras\/index.php\/2022\/11\/04\/gravida-de-sonhos-por-karoline-de-carvalho\/","title":{"rendered":"Gr\u00e1vida de sonhos, Por Karoline de Carvalho."},"content":{"rendered":"<p><a href=\"http:\/\/sescpiaui.com.br\/escreversemfronteiras\/wp-content\/uploads\/2022\/11\/image005-1.jpg\"><img loading=\"lazy\" decoding=\"async\" class=\"alignnone wp-image-1134\" src=\"http:\/\/sescpiaui.com.br\/escreversemfronteiras\/wp-content\/uploads\/2022\/11\/image005-1-300x200.jpg\" alt=\"\" width=\"485\" height=\"323\" srcset=\"http:\/\/sescpiaui.com.br\/escreversemfronteiras\/wp-content\/uploads\/2022\/11\/image005-1-300x200.jpg 300w, http:\/\/sescpiaui.com.br\/escreversemfronteiras\/wp-content\/uploads\/2022\/11\/image005-1.jpg 626w\" sizes=\"auto, (max-width: 485px) 100vw, 485px\" \/><\/a><\/p>\n<p>Vivi uma prazerosa noite de amor com os livros<br \/>\nFui inebriada por intensa inspira\u00e7\u00e3o<br \/>\nO corpo pedia por mais leitura<br \/>\nE assim concebi palavras<\/p>\n<p>\u00c0 propor\u00e7\u00e3o que o tempo passava<br \/>\nA gesta\u00e7\u00e3o liter\u00e1ria prosseguia<br \/>\nO fruto das palavras ia crescendo<br \/>\nEnfim, chegou a hora de parir<\/p>\n<p>Nasceu poema, conto, cr\u00f4nica<br \/>\nEram trig\u00eameos vejam s\u00f3<br \/>\nTanta vida e tanta arte<br \/>\nH\u00e1 inspira\u00e7\u00e3o em toda parte<\/p>\n<p>Atrav\u00e9s dos contos, cr\u00f4nicas e poemas<br \/>\nVeio a gera\u00e7\u00e3o de livros<br \/>\nFormou-se uma fam\u00edlia liter\u00e1ria<br \/>\nComposta por tantas composi\u00e7\u00f5es extraordin\u00e1rias<\/p>\n","protected":false},"excerpt":{"rendered":"<p>Vivi uma prazerosa noite de amor com os livros Fui inebriada por intensa inspira\u00e7\u00e3o O corpo pedia por mais leitura E assim concebi palavras \u00c0 propor\u00e7\u00e3o que o tempo passava A gesta\u00e7\u00e3o liter\u00e1ria prosseguia O fruto das palavras ia crescendo Enfim, chegou a hora de parir Nasceu poema, conto, cr\u00f4nica Eram trig\u00eameos vejam s\u00f3 Tanta [&hellip;]<\/p>\n","protected":false},"author":1,"featured_media":1134,"comment_status":"open","ping_status":"open","sticky":false,"template":"","format":"standard","meta":{"footnotes":""},"categories":[1],"tags":[],"class_list":["post-1168","post","type-post","status-publish","format-standard","has-post-thumbnail","hentry","category-poemas"],"_links":{"self":[{"href":"http:\/\/sescpiaui.com.br\/escreversemfronteiras\/index.php\/wp-json\/wp\/v2\/posts\/1168","targetHints":{"allow":["GET"]}}],"collection":[{"href":"http:\/\/sescpiaui.com.br\/escreversemfronteiras\/index.php\/wp-json\/wp\/v2\/posts"}],"about":[{"href":"http:\/\/sescpiaui.com.br\/escreversemfronteiras\/index.php\/wp-json\/wp\/v2\/types\/post"}],"author":[{"embeddable":true,"href":"http:\/\/sescpiaui.com.br\/escreversemfronteiras\/index.php\/wp-json\/wp\/v2\/users\/1"}],"replies":[{"embeddable":true,"href":"http:\/\/sescpiaui.com.br\/escreversemfronteiras\/index.php\/wp-json\/wp\/v2\/comments?post=1168"}],"version-history":[{"count":2,"href":"http:\/\/sescpiaui.com.br\/escreversemfronteiras\/index.php\/wp-json\/wp\/v2\/posts\/1168\/revisions"}],"predecessor-version":[{"id":1638,"href":"http:\/\/sescpiaui.com.br\/escreversemfronteiras\/index.php\/wp-json\/wp\/v2\/posts\/1168\/revisions\/1638"}],"wp:featuredmedia":[{"embeddable":true,"href":"http:\/\/sescpiaui.com.br\/escreversemfronteiras\/index.php\/wp-json\/wp\/v2\/media\/1134"}],"wp:attachment":[{"href":"http:\/\/sescpiaui.com.br\/escreversemfronteiras\/index.php\/wp-json\/wp\/v2\/media?parent=1168"}],"wp:term":[{"taxonomy":"category","embeddable":true,"href":"http:\/\/sescpiaui.com.br\/escreversemfronteiras\/index.php\/wp-json\/wp\/v2\/categories?post=1168"},{"taxonomy":"post_tag","embeddable":true,"href":"http:\/\/sescpiaui.com.br\/escreversemfronteiras\/index.php\/wp-json\/wp\/v2\/tags?post=1168"}],"curies":[{"name":"wp","href":"https:\/\/api.w.org\/{rel}","templated":true}]}}